{"id":51690,"date":"2026-04-27T13:04:31","date_gmt":"2026-04-27T10:04:31","guid":{"rendered":"https:\/\/milvus.ro\/?p=51690"},"modified":"2026-04-27T13:08:24","modified_gmt":"2026-04-27T10:08:24","slug":"jo-hirek-8-parlagi-sas-part-azonositottunk","status":"publish","type":"post","link":"https:\/\/milvus.ro\/hu\/jo-hirek-8-parlagi-sas-part-azonositottunk\/","title":{"rendered":"J\u00f3 h\u00edrek: 8 parlagi sas p\u00e1rt azonos\u00edtottunk"},"content":{"rendered":"<p>Nagyban zajlik a terepmunka a <strong>parlagi sas<\/strong> p\u00e1rok felkutat\u00e1s\u00e1\u00e9rt. A 2026-os <a href=\"https:\/\/milvus.ro\/hu\/birds\/parlagi-sas\/\"><strong>\u00c9v Vesz\u00e9lyeztetett Faj\u00e1nak, a parlagi sasnak<\/strong><\/a><strong> <\/strong>a megseg\u00edt\u00e9s\u00e9\u00e9rt folytatott els\u0151 tev\u00e9kenys\u00e9g\u00fcnk a k\u00f6lt\u0151ter\u00fcletek felm\u00e9r\u00e9se \u00e9s a potenci\u00e1lis \u00e9l\u0151helyek azonos\u00edt\u00e1sa.<\/p><p>Az idei k\u00f6lt\u00e9si szezonban az el\u0151z\u0151 \u00e9vekb\u0151l ismert f\u00e9szkel\u0151helyek ellen\u0151rz\u00e9s\u00e9n t\u00fal c\u00e9lul t\u0171zt\u00fck ki, hogy felkutatjuk azokat a potenci\u00e1lis helysz\u00edneket is az orsz\u00e1g nyugati r\u00e9sz\u00e9n, ahol a parlagi sasok sz\u00e1m\u00e1ra ide\u00e1lisak a f\u00e9szkel\u00e9si felt\u00e9telek.<\/p><figure class=\"wp-block-image size-full\"><a href=\"https:\/\/milvus.ro\/wp-content\/uploads\/2026\/04\/parlagi_sas_2y_gyuru_AX1-feher_Alattyan_20230205_Orban_Zoltan_15.png\"><img decoding=\"async\" src=\"https:\/\/milvus.ro\/wp-content\/uploads\/2026\/04\/parlagi_sas_2y_gyuru_AX1-feher_Alattyan_20230205_Orban_Zoltan_15.png\" alt=\"\" class=\"wp-image-51688\"\/><\/a><figcaption class=\"wp-element-caption\"><em>Fot\u00f3: Orb\u00e1n Zolt\u00e1n<\/em><\/figcaption><\/figure><p>A felm\u00e9r\u00e9shez 10\u00d710 km-es n\u00e9gyzeteket jel\u00f6lt\u00fcnk ki olyan ter\u00fcleteken, ahol:<\/p><ul class=\"wp-block-list\"><li>az elm\u00falt \u00e9vekben t\u00f6bb sasmegfigyel\u00e9s\u00fcnk is volt,\u00a0<\/li>\n\n<li>jelent\u0151s \u00fcrgekol\u00f3ni\u00e1k (a sasok legfontosabb zs\u00e1km\u00e1ny\u00e1llatai) tal\u00e1lhat\u00f3k,\u00a0<\/li>\n\n<li>valamint f\u00e9szkel\u00e9sre alkalmas fasorok v\u00e1rj\u00e1k a madarakat.\u00a0<\/li><\/ul><p>\u00d6nk\u00e9nteseink \u00e1ldozatos munk\u00e1j\u00e1nak k\u00f6sz\u00f6nhet\u0151en \u00f6sszesen <strong>24 ilyen n\u00e9gyzetet siker\u00fclt alaposan \u00e1tvizsg\u00e1lnunk<\/strong>. A hat\u00e1r menti \u00f6vezetekben szoros egy\u00fcttm\u0171k\u00f6d\u00e9s alakult ki: szerb koll\u00e9g\u00e1ink hasonl\u00f3 felm\u00e9r\u00e9seket v\u00e9geztek, \u00e9s munk\u00e1juk eredm\u00e9nyek\u00e9nt egy \u00faj parlagi sas p\u00e1r jelenl\u00e9t\u00e9t jelezt\u00e9k a hat\u00e1rs\u00e1vban.<\/p><p>Az idei szezonban eddig <strong>8 parlagi sas p\u00e1rt siker\u00fclt regisztr\u00e1lnunk<\/strong> a t\u00e9rs\u00e9gben, ami bizakod\u00e1sra ad okot <strong>a tavalyi 3 p\u00e1rhoz k\u00e9pest<\/strong>. A k\u00f6lt\u00e9sek sikeress\u00e9g\u00e9r\u0151l \u00e9s a fi\u00f3k\u00e1k sz\u00e1m\u00e1r\u00f3l a ny\u00e1r derek\u00e1n \u00fajabb h\u00edrekkel jelentkez\u00fcnk!<\/p><p>Ellen\u0151rizt\u00fck a <a href=\"https:\/\/milvus.ro\/hu\/parlagi-sas-biztato-szezonkezdet\/\">m\u00e1rciusban kihelyezett m\u0171f\u00e9szket<\/a> is: b\u00e1r egyel\u0151re m\u00e9g nem foglalt\u00e1k el, rem\u00e9lj\u00fck, hogy hamarosan gazd\u00e1ra tal\u00e1l.<\/p><p>Hatalmas k\u00f6sz\u00f6net illeti minden \u00f6nk\u00e9ntes\u00fcnket a befektetett munk\u00e1\u00e9rt \u00e9s kitart\u00e1s\u00e9rt!<\/p><p><strong>Az elk\u00f6vetkez\u0151 id\u0151szakban<\/strong> ism\u00e9t ell\u00e1togatunk a m\u00e1r ismert f\u00e9szkel\u0151helyekhez, \u00e9s <strong>ellen\u0151rizz\u00fck a k\u00f6lt\u00e9s sikeress\u00e9g\u00e9t<\/strong>, de ehhez tov\u00e1bbra is sz\u00fcks\u00e9g\u00fcnk van a seg\u00edts\u00e9gedre.<\/p><p>I<strong>d\u0151- \u00e9s p\u00e9nzr\u00e1ford\u00edt\u00e1s n\u00e9lk\u00fcl is seg\u00edthetsz<\/strong>: elegend\u0151, ha <strong>a szem\u00e9lyi j\u00f6vedelemad\u00f3d 3,5%-\u00e1t a Milvus Csoport sz\u00e1m\u00e1ra aj\u00e1nlod fel<\/strong>. Mi ezeket a forr\u00e1sokat arra ford\u00edtjuk, hogy seg\u00edts\u00fck a kritikusan vesz\u00e9lyeztetett parlagi sast.<\/p><p><strong>Soha nincs t\u00fal k\u00e9s\u0151! Ha eddig m\u00e9g nem tetted meg, t\u00f6ltsd ki az \u0171rlapot.<\/strong><\/p><div class=\"wp-block-essential-blocks-button  root-eb-button-misgj\"><div class=\"eb-parent-wrapper eb-parent-eb-button-misgj \"><div class=\"eb-button-wrapper eb-button-alignment eb-button-misgj\"><div class=\"eb-button\"><div class=\"eb-button-inner-wrapper \"><a class=\"eb-button-anchor \" href=\"https:\/\/formular230.ro\/asociatia-grupul-milvus\" rel=\"noopener\">\u00c1tir\u00e1ny\u00edtom!<\/a><\/div><\/div><\/div><\/div><\/div><p><\/p>","protected":false},"excerpt":{"rendered":"Nagyban zajlik a terepmunka a parlagi sas p\u00e1rok felkutat\u00e1s\u00e1\u00e9rt. A 2026-os \u00c9v Vesz\u00e9lyeztetett Faj\u00e1nak, a parlagi sasnak a megseg\u00edt\u00e9s\u00e9\u00e9rt folytatott els\u0151 tev\u00e9kenys\u00e9g\u00fcnk a k\u00f6lt\u0151ter\u00fcletek felm\u00e9r\u00e9se \u00e9s a potenci\u00e1lis \u00e9l\u0151helyek azonos\u00edt\u00e1sa.Az idei k\u00f6lt\u00e9si szezonban az el\u0151z\u0151 \u00e9vekb\u0151l ismert f\u00e9szkel\u0151helyek ellen\u0151rz\u00e9s\u00e9n t\u00fal c\u00e9lul t\u0171zt\u00fck ki, hogy felkutatjuk azokat a potenci\u00e1lis helysz\u00edneket is az orsz\u00e1g nyugati r\u00e9sz\u00e9n, ahol [&hellip;]","protected":false},"author":17,"featured_media":51688,"comment_status":"open","ping_status":"open","sticky":false,"template":"","format":"standard","meta":{"_acf_changed":false,"_eb_attr":"","ocean_post_layout":"","ocean_both_sidebars_style":"","ocean_both_sidebars_content_width":0,"ocean_both_sidebars_sidebars_width":0,"ocean_sidebar":"","ocean_second_sidebar":"","ocean_disable_margins":"enable","ocean_add_body_class":"","ocean_shortcode_before_top_bar":"","ocean_shortcode_after_top_bar":"","ocean_shortcode_before_header":"","ocean_shortcode_after_header":"","ocean_has_shortcode":"","ocean_shortcode_after_title":"","ocean_shortcode_before_footer_widgets":"","ocean_shortcode_after_footer_widgets":"","ocean_shortcode_before_footer_bottom":"","ocean_shortcode_after_footer_bottom":"","ocean_display_top_bar":"default","ocean_display_header":"default","ocean_header_style":"","ocean_center_header_left_menu":"","ocean_custom_header_template":"","ocean_custom_logo":0,"ocean_custom_retina_logo":0,"ocean_custom_logo_max_width":0,"ocean_custom_logo_tablet_max_width":0,"ocean_custom_logo_mobile_max_width":0,"ocean_custom_logo_max_height":0,"ocean_custom_logo_tablet_max_height":0,"ocean_custom_logo_mobile_max_height":0,"ocean_header_custom_menu":"","ocean_menu_typo_font_family":"","ocean_menu_typo_font_subset":"","ocean_menu_typo_font_size":0,"ocean_menu_typo_font_size_tablet":0,"ocean_menu_typo_font_size_mobile":0,"ocean_menu_typo_font_size_unit":"px","ocean_menu_typo_font_weight":"","ocean_menu_typo_font_weight_tablet":"","ocean_menu_typo_font_weight_mobile":"","ocean_menu_typo_transform":"","ocean_menu_typo_transform_tablet":"","ocean_menu_typo_transform_mobile":"","ocean_menu_typo_line_height":0,"ocean_menu_typo_line_height_tablet":0,"ocean_menu_typo_line_height_mobile":0,"ocean_menu_typo_line_height_unit":"","ocean_menu_typo_spacing":0,"ocean_menu_typo_spacing_tablet":0,"ocean_menu_typo_spacing_mobile":0,"ocean_menu_typo_spacing_unit":"","ocean_menu_link_color":"","ocean_menu_link_color_hover":"","ocean_menu_link_color_active":"","ocean_menu_link_background":"","ocean_menu_link_hover_background":"","ocean_menu_link_active_background":"","ocean_menu_social_links_bg":"","ocean_menu_social_hover_links_bg":"","ocean_menu_social_links_color":"","ocean_menu_social_hover_links_color":"","ocean_disable_title":"default","ocean_disable_heading":"default","ocean_post_title":"","ocean_post_subheading":"","ocean_post_title_style":"","ocean_post_title_background_color":"","ocean_post_title_background":0,"ocean_post_title_bg_image_position":"","ocean_post_title_bg_image_attachment":"","ocean_post_title_bg_image_repeat":"","ocean_post_title_bg_image_size":"","ocean_post_title_height":0,"ocean_post_title_bg_overlay":0.5,"ocean_post_title_bg_overlay_color":"","ocean_disable_breadcrumbs":"default","ocean_breadcrumbs_color":"","ocean_breadcrumbs_separator_color":"","ocean_breadcrumbs_links_color":"","ocean_breadcrumbs_links_hover_color":"","ocean_display_footer_widgets":"default","ocean_display_footer_bottom":"default","ocean_custom_footer_template":"","omw_enable_modal_window":"enable","osh_disable_topbar_sticky":"default","osh_disable_header_sticky":"default","osh_sticky_header_style":"default","osh_sticky_header_effect":"","osh_custom_sticky_logo":0,"osh_custom_retina_sticky_logo":0,"osh_custom_sticky_logo_height":0,"osh_background_color":"","osh_links_color":"","osh_links_hover_color":"","osh_links_active_color":"","osh_links_bg_color":"","osh_links_hover_bg_color":"","osh_links_active_bg_color":"","osh_menu_social_links_color":"","osh_menu_social_hover_links_color":"","ocean_post_oembed":"","ocean_post_self_hosted_media":"","ocean_post_video_embed":"","ocean_link_format":"","ocean_link_format_target":"self","ocean_quote_format":"","ocean_quote_format_link":"post","ocean_gallery_link_images":"on","ocean_gallery_id":[],"footnotes":""},"categories":[2],"tags":[4772,3556,4914],"class_list":["post-51690","post","type-post","status-publish","format-standard","has-post-thumbnail","hentry","category-hirek","tag-az-ev-veszelyeztetett-faja","tag-jovedelemado","tag-parlagi-sas-hu","entry","has-media","owp-thumbs-layout-horizontal","owp-btn-normal","owp-tabs-layout-horizontal","has-no-thumbnails","has-product-nav"],"acf":[],"_links":{"self":[{"href":"https:\/\/milvus.ro\/hu\/wp-json\/wp\/v2\/posts\/51690","targetHints":{"allow":["GET"]}}],"collection":[{"href":"https:\/\/milvus.ro\/hu\/wp-json\/wp\/v2\/posts"}],"about":[{"href":"https:\/\/milvus.ro\/hu\/wp-json\/wp\/v2\/types\/post"}],"author":[{"embeddable":true,"href":"https:\/\/milvus.ro\/hu\/wp-json\/wp\/v2\/users\/17"}],"replies":[{"embeddable":true,"href":"https:\/\/milvus.ro\/hu\/wp-json\/wp\/v2\/comments?post=51690"}],"version-history":[{"count":1,"href":"https:\/\/milvus.ro\/hu\/wp-json\/wp\/v2\/posts\/51690\/revisions"}],"predecessor-version":[{"id":51691,"href":"https:\/\/milvus.ro\/hu\/wp-json\/wp\/v2\/posts\/51690\/revisions\/51691"}],"wp:featuredmedia":[{"embeddable":true,"href":"https:\/\/milvus.ro\/hu\/wp-json\/wp\/v2\/media\/51688"}],"wp:attachment":[{"href":"https:\/\/milvus.ro\/hu\/wp-json\/wp\/v2\/media?parent=51690"}],"wp:term":[{"taxonomy":"category","embeddable":true,"href":"https:\/\/milvus.ro\/hu\/wp-json\/wp\/v2\/categories?post=51690"},{"taxonomy":"post_tag","embeddable":true,"href":"https:\/\/milvus.ro\/hu\/wp-json\/wp\/v2\/tags?post=51690"}],"curies":[{"name":"wp","href":"https:\/\/api.w.org\/{rel}","templated":true}]}}