{"id":43138,"date":"2024-10-01T15:36:30","date_gmt":"2024-10-01T12:36:30","guid":{"rendered":"https:\/\/milvus.ro\/sikerult-megmenteni-a-kek-vercsek-es-a-szalakotak-szamara-fontos-elohelyeket\/"},"modified":"2024-10-01T16:03:57","modified_gmt":"2024-10-01T13:03:57","slug":"sikerult-megmenteni-a-kek-vercsek-es-a-szalakotak-szamara-fontos-elohelyeket","status":"publish","type":"post","link":"https:\/\/milvus.ro\/hu\/sikerult-megmenteni-a-kek-vercsek-es-a-szalakotak-szamara-fontos-elohelyeket\/","title":{"rendered":"Siker\u00fclt megmenteni a k\u00e9k v\u00e9rcs\u00e9k \u00e9s a szalak\u00f3t\u00e1k sz\u00e1m\u00e1ra fontos \u00e9l\u0151helyeket!"},"content":{"rendered":"<p><em><strong>T\u00f6bb \u00e9ves k\u00f6zbenj\u00e1r\u00e1snak k\u00f6sz\u00f6nhet\u0151en siker\u00fclt megakad\u00e1lyozni a Zerind-Kisjen\u0151 k\u00f6z\u00f6tti fasor kiv\u00e1g\u00e1s\u00e1t. A javar\u00e9szt k\u0151risf\u00e1kb\u00f3l \u00e1ll\u00f3 fasor v\u00e9delme rendk\u00edv\u00fcl fontos \u00fagy a biodiverzit\u00e1s, mint a k\u00e9k v\u00e9rcse \u00e9s a szalak\u00f3ta, valamint sz\u00e1mos egy\u00e9b faj v\u00e9delme szempontj\u00e1b\u00f3l.<\/strong><\/em><\/p><p><span style=\"font-weight: 400;\">A sz\u00f3ban forg\u00f3 \u00fatmenti fasor fontoss\u00e1g\u00e1ra m\u00e1r 2006-ban f\u00e9ny der\u00fclt, amikor a <\/span><a href=\"https:\/\/milvus.ro\/hu\/publication\/a-kek-vercse-vedelme-a-pannon-regioban-2006-2009\/\"><span style=\"font-weight: 400;\">\u201eK\u00e9k v\u00e9rcse v\u00e9delme a Pannon R\u00e9gi\u00f3ban\u201d<\/span><\/a><span style=\"font-weight: 400;\"> LIFE projekt keret\u00e9ben azonos\u00edtottuk a k\u00e9k v\u00e9rcse k\u00f6lt\u0151helyeit. A <strong>Nagyzerind-Kisjen\u0151<\/strong>, illetve <strong>Kisjen\u0151 &#8211; Szinte<\/strong> k\u00f6z\u00f6tti orsz\u00e1gutak ment\u00e9n l\u00e9v\u0151 f\u00e1kon sz\u00e1mos vet\u00e9si varj\u00fa kol\u00f3nia van, ezek pedig a <strong>v\u00e9rcs\u00e9k legfontosabb f\u00e9szkel\u0151helyei<\/strong>. A l\u00e9tez\u0151 k\u00f6lt\u0151telepek meg\u00f3v\u00e1s\u00e1nak, \u00fajabb facsoportok telep\u00edt\u00e9s\u00e9nek, k\u00f6lt\u0151l\u00e1d\u00e1k kihelyez\u00e9s\u00e9nek \u00e9s egy\u00e9b int\u00e9zked\u00e9seknek k\u00f6sz\u00f6nhet\u0151en n\u00f6vekedni kezdett az orsz\u00e1g nyugati r\u00e9sz\u00e9n k\u00f6lt\u0151 k\u00e9k-v\u00e9rcse p\u00e1rok sz\u00e1ma (2006-ban 180 p\u00e1rr\u00f3l volt tudom\u00e1sunk, m\u00edg 2009-ben m\u00e1r 383 p\u00e1rt tartottunk sz\u00e1mon).<\/span><\/p><div class=\"wp-block-image\"><figure class=\"aligncenter size-large\"><a href=\"https:\/\/milvus.ro\/wp-content\/uploads\/2024\/10\/IMG_4295-scaled.jpg\"><img fetchpriority=\"high\" decoding=\"async\" width=\"1024\" height=\"683\" src=\"https:\/\/milvus.ro\/wp-content\/uploads\/2024\/10\/IMG_4295-1024x683.jpg\" alt=\"\" class=\"wp-image-43121\" srcset=\"https:\/\/milvus.ro\/wp-content\/uploads\/2024\/10\/IMG_4295-1024x683.jpg 1024w, https:\/\/milvus.ro\/wp-content\/uploads\/2024\/10\/IMG_4295-scaled-600x400.jpg 600w, https:\/\/milvus.ro\/wp-content\/uploads\/2024\/10\/IMG_4295-300x200.jpg 300w, https:\/\/milvus.ro\/wp-content\/uploads\/2024\/10\/IMG_4295-768x512.jpg 768w, https:\/\/milvus.ro\/wp-content\/uploads\/2024\/10\/IMG_4295-1536x1024.jpg 1536w, https:\/\/milvus.ro\/wp-content\/uploads\/2024\/10\/IMG_4295-2048x1365.jpg 2048w\" sizes=\"(max-width: 1024px) 100vw, 1024px\" \/><\/a><figcaption class=\"wp-element-caption\">Fot\u00f3: Nagy Attila<\/figcaption><\/figure><\/div><p><span style=\"font-weight: 400;\"><strong>2008<\/strong>-ban \u00fatjav\u00edt\u00e1si munk\u00e1latok alkalm\u00e1val elkezdt\u00e9k kiv\u00e1gni ezeket a f\u00e1kat, ez\u00e9rt a LIFE projekt csapata, amelynek a Milvus Csoport is tagja volt, <\/span><strong><a href=\"https:\/\/docs.google.com\/document\/d\/1PD_CIwFUXmBHQncAA3FiUOqYh6CV2b1D\/edit\">\u00a0jelezte a helyzetet<\/a><\/strong><span style=\"font-weight: 400;\"> az Arad Megyei K\u00f6rnyezetv\u00e9delmi \u0150rs\u00e9gnek, amely gyorsan k\u00f6zbel\u00e9pett \u00e9s megakad\u00e1lyozta a tov\u00e1bbi fakiv\u00e1g\u00e1sokat.\u00a0<\/span><\/p><p><span style=\"font-weight: 400;\">2015 \u00e9s 2020 k\u00f6z\u00f6tt a Milvus Csoport egy \u00fajabb, ez\u00fattal szalak\u00f3t\u00e1k v\u00e9delm\u00e9t c\u00e9lz\u00f3 p\u00e1ly\u00e1zatban vett r\u00e9szt ebben a r\u00e9gi\u00f3ban, amikor terepi megfigyel\u00e9sek sor\u00e1n koll\u00e9g\u00e1ink \u00e9szlelt\u00e9k, hogy az adott fasor egy r\u00e9sz\u00e9t kiv\u00e1g\u00e1s c\u00e9lj\u00e1b\u00f3l megjel\u00f6lt\u00e9k. Ekkor m\u00e1r t\u00f6bbsz\u00f6r felmer\u00fclt az \u00fatmenti f\u00e1k kiv\u00e1g\u00e1sa, abb\u00f3l a meggondol\u00e1sb\u00f3l, hogy az adott f\u00e1k miatt t\u00f6bb hal\u00e1los aut\u00f3baleset is bek\u00f6vetkezett.<\/span><\/p><figure class=\"wp-block-gallery has-nested-images columns-default is-cropped wp-block-gallery-1 is-layout-flex wp-block-gallery-is-layout-flex\"><figure class=\"wp-block-image size-large\"><a href=\"https:\/\/milvus.ro\/wp-content\/uploads\/2024\/10\/Zerind_k-1024x768.jpg\"><img decoding=\"async\" width=\"1024\" height=\"768\" data-id=\"43124\" src=\"https:\/\/milvus.ro\/wp-content\/uploads\/2024\/10\/Zerind_k-1024x768.jpg\" alt=\"\" class=\"wp-image-43124\" srcset=\"https:\/\/milvus.ro\/wp-content\/uploads\/2024\/10\/Zerind_k-1024x768.jpg 1024w, https:\/\/milvus.ro\/wp-content\/uploads\/2024\/10\/Zerind_k-600x450.jpg 600w, https:\/\/milvus.ro\/wp-content\/uploads\/2024\/10\/Zerind_k-300x225.jpg 300w, https:\/\/milvus.ro\/wp-content\/uploads\/2024\/10\/Zerind_k-768x576.jpg 768w, https:\/\/milvus.ro\/wp-content\/uploads\/2024\/10\/Zerind_k.jpg 1459w\" sizes=\"(max-width: 1024px) 100vw, 1024px\" \/><\/a><\/figure>\n\n<figure class=\"wp-block-image size-large\"><a href=\"https:\/\/milvus.ro\/wp-content\/uploads\/2024\/10\/DSC03093c-768x1024.jpg\"><img decoding=\"async\" width=\"768\" height=\"1024\" data-id=\"43127\" src=\"https:\/\/milvus.ro\/wp-content\/uploads\/2024\/10\/DSC03093c-768x1024.jpg\" alt=\"\" class=\"wp-image-43127\" srcset=\"https:\/\/milvus.ro\/wp-content\/uploads\/2024\/10\/DSC03093c-768x1024.jpg 768w, https:\/\/milvus.ro\/wp-content\/uploads\/2024\/10\/DSC03093c-600x800.jpg 600w, https:\/\/milvus.ro\/wp-content\/uploads\/2024\/10\/DSC03093c-225x300.jpg 225w, https:\/\/milvus.ro\/wp-content\/uploads\/2024\/10\/DSC03093c.jpg 1022w\" sizes=\"(max-width: 768px) 100vw, 768px\" \/><\/a><\/figure><\/figure><p><span style=\"font-weight: 400;\"><strong>2020<\/strong>-ban a projekt keret\u00e9ben a Milvus Csoport <\/span><strong><a href=\"https:\/\/milvus.ro\/hu\/ismet-veszelyben-a-madarak-nyilt-levelben-jeleztuk-a-hatosagoknak\/\">ny\u00edlt lev\u00e9lben<\/a><\/strong><span style=\"font-weight: 400;\"> k\u00e9rte a hat\u00f3s\u00e1gokat, hogy akad\u00e1lyozz\u00e1k meg a f\u00e1k kiv\u00e1g\u00e1s\u00e1t \u00e9s t\u00f6bb alternat\u00edv megold\u00e1st javasolt a helyzet orvosl\u00e1s\u00e1ra.\u00a0<\/span><\/p><p><span style=\"font-weight: 400;\"><strong>2021<\/strong>-ben egy \u00fajabb felm\u00e9r\u00e9s bizony\u00edtotta, hogy az adott fasor fontos szerepet j\u00e1tszik a k\u00e9k v\u00e9rcs\u00e9k sz\u00e1m\u00e1ra, hiszen egy kb. 10 kilom\u00e9teres szakaszon 627 varj\u00faf\u00e9szket sz\u00e1moltunk \u00f6ssze, melyekben 9-12 k\u00e9k v\u00e9rcse p\u00e1r k\u00f6lt\u00f6tt.\u00a0<\/span><\/p><p>Mivel tov\u00e1bb\u00e1 is fenn\u00e1llt a f\u00e1k kiv\u00e1g\u00e1sa \u00e9s r\u00e1ad\u00e1sul egy Natura 2000-es ter\u00fcletr\u0151l van sz\u00f3 (A Fekete- \u00e9s Feh\u00e9r-K\u00f6r\u00f6s foly\u00f3k k\u00f6ze \u2013 C\u00e2mpia Cri\u0219ului Alb \u0219i a Cri\u0219ului Negru, ROSPA0015 \u2013 a t\u00e9rs\u00e9g legnagyobb Natura2000-es term\u00e9szetv\u00e9delmi ter\u00fclete), a f\u00e1k kijel\u00f6l\u00e9s\u00e9t jelezt\u00fcnk az Arad megyei K\u00f6rnyezetv\u00e9delmi \u00dcgyn\u00f6ks\u00e9gnek (APM Arad), az Arad Megyei K\u00f6rnyezetv\u00e9delmi \u0150rs\u00e9gnek (Garda de Mediu Arad) \u00e9s a  Term\u00e9szetv\u00e9delmi Ter\u00fcletek Orsz\u00e1gos Hat\u00f3s\u00e1g\u00e1nak (ANANP) \u00e9s ez\u00fattal is alternat\u00edv megold\u00e1sokat javasoltunk (pl. szalagkorl\u00e1t kihelyez\u00e9se).&#13;\n<\/p><p>Most \u00fagy t\u0171nik, hogy a sok k\u00f6zbel\u00e9p\u00e9s \u00e9s sz\u00e1mtalan hivatalos levelez\u00e9s meghozta hat\u00e1s\u00e1t. Az \u00fat\u00fcgyi igazgat\u00f3s\u00e1g hivatalos lev\u00e9lben t\u00e1j\u00e9koztatott minket, hogy a fasor kiv\u00e1g\u00e1s\u00e1ra nem fog sok ker\u00fclni, mivel nem tudnak eleget tenni az ANANP  \u00e1ltal megszabott \u00f6sszes speci\u00e1lis felt\u00e9telnek. A felt\u00e9telek k\u00f6z\u00f6tt szerepel, hogy a varj\u00faf\u00e9szkeket \u00e1t kellene k\u00f6lt\u00f6ztetni, vagy mesters\u00e9ges k\u00f6lt\u0151l\u00e1d\u00e1kat kihelyezni a v\u00e9rcs\u00e9k sz\u00e1m\u00e1ra. &#13;\n<\/p><figure class=\"wp-block-image\"><img loading=\"lazy\" decoding=\"async\" width=\"1920\" height=\"1304\" src=\"https:\/\/milvus.ro\/wp-content\/uploads\/2024\/10\/Kisjeno-Szinte-2013_2023.gif\" alt=\"\" class=\"wp-image-43130\"\/><figcaption class=\"wp-element-caption\"><em>Volt fasor &#8211; nincs fasor. \u00cdgy t\u0171ntek el teljesen az utat szeg\u00e9lyez\u0151 f\u00e1k Kisjen\u0151 \u00e9s Szinte k\u00f6z\u00f6tt, a Google Earth 2013-2023 k\u00f6z\u00f6tt k\u00e9sz\u00edtett m\u0171holdfelv\u00e9telei alapj\u00e1n<\/em><\/figcaption><\/figure>","protected":false},"excerpt":{"rendered":"T\u00f6bb \u00e9ves k\u00f6zbenj\u00e1r\u00e1snak k\u00f6sz\u00f6nhet\u0151en siker\u00fclt megakad\u00e1lyozni a Zerind-Kisjen\u0151 k\u00f6z\u00f6tti fasor kiv\u00e1g\u00e1s\u00e1t. A javar\u00e9szt k\u0151risf\u00e1kb\u00f3l \u00e1ll\u00f3 fasor v\u00e9delme rendk\u00edv\u00fcl fontos \u00fagy a biodiverzit\u00e1s, mint a k\u00e9k v\u00e9rcse \u00e9s a szalak\u00f3ta, valamint sz\u00e1mos egy\u00e9b faj v\u00e9delme szempontj\u00e1b\u00f3l.A sz\u00f3ban forg\u00f3 \u00fatmenti fasor fontoss\u00e1g\u00e1ra m\u00e1r 2006-ban f\u00e9ny der\u00fclt, amikor a \u201eK\u00e9k v\u00e9rcse v\u00e9delme a Pannon R\u00e9gi\u00f3ban\u201d LIFE projekt keret\u00e9ben [&hellip;]","protected":false},"author":17,"featured_media":43123,"comment_status":"open","ping_status":"open","sticky":false,"template":"","format":"standard","meta":{"_acf_changed":false,"_eb_attr":"","ocean_post_layout":"","ocean_both_sidebars_style":"","ocean_both_sidebars_content_width":0,"ocean_both_sidebars_sidebars_width":0,"ocean_sidebar":"","ocean_second_sidebar":"","ocean_disable_margins":"enable","ocean_add_body_class":"","ocean_shortcode_before_top_bar":"","ocean_shortcode_after_top_bar":"","ocean_shortcode_before_header":"","ocean_shortcode_after_header":"","ocean_has_shortcode":"","ocean_shortcode_after_title":"","ocean_shortcode_before_footer_widgets":"","ocean_shortcode_after_footer_widgets":"","ocean_shortcode_before_footer_bottom":"","ocean_shortcode_after_footer_bottom":"","ocean_display_top_bar":"default","ocean_display_header":"default","ocean_header_style":"","ocean_center_header_left_menu":"","ocean_custom_header_template":"","ocean_custom_logo":0,"ocean_custom_retina_logo":0,"ocean_custom_logo_max_width":0,"ocean_custom_logo_tablet_max_width":0,"ocean_custom_logo_mobile_max_width":0,"ocean_custom_logo_max_height":0,"ocean_custom_logo_tablet_max_height":0,"ocean_custom_logo_mobile_max_height":0,"ocean_header_custom_menu":"","ocean_menu_typo_font_family":"","ocean_menu_typo_font_subset":"","ocean_menu_typo_font_size":0,"ocean_menu_typo_font_size_tablet":0,"ocean_menu_typo_font_size_mobile":0,"ocean_menu_typo_font_size_unit":"px","ocean_menu_typo_font_weight":"","ocean_menu_typo_font_weight_tablet":"","ocean_menu_typo_font_weight_mobile":"","ocean_menu_typo_transform":"","ocean_menu_typo_transform_tablet":"","ocean_menu_typo_transform_mobile":"","ocean_menu_typo_line_height":0,"ocean_menu_typo_line_height_tablet":0,"ocean_menu_typo_line_height_mobile":0,"ocean_menu_typo_line_height_unit":"","ocean_menu_typo_spacing":0,"ocean_menu_typo_spacing_tablet":0,"ocean_menu_typo_spacing_mobile":0,"ocean_menu_typo_spacing_unit":"","ocean_menu_link_color":"","ocean_menu_link_color_hover":"","ocean_menu_link_color_active":"","ocean_menu_link_background":"","ocean_menu_link_hover_background":"","ocean_menu_link_active_background":"","ocean_menu_social_links_bg":"","ocean_menu_social_hover_links_bg":"","ocean_menu_social_links_color":"","ocean_menu_social_hover_links_color":"","ocean_disable_title":"default","ocean_disable_heading":"default","ocean_post_title":"","ocean_post_subheading":"","ocean_post_title_style":"","ocean_post_title_background_color":"","ocean_post_title_background":0,"ocean_post_title_bg_image_position":"","ocean_post_title_bg_image_attachment":"","ocean_post_title_bg_image_repeat":"","ocean_post_title_bg_image_size":"","ocean_post_title_height":0,"ocean_post_title_bg_overlay":0.5,"ocean_post_title_bg_overlay_color":"","ocean_disable_breadcrumbs":"default","ocean_breadcrumbs_color":"","ocean_breadcrumbs_separator_color":"","ocean_breadcrumbs_links_color":"","ocean_breadcrumbs_links_hover_color":"","ocean_display_footer_widgets":"default","ocean_display_footer_bottom":"default","ocean_custom_footer_template":"","omw_enable_modal_window":"enable","osh_disable_topbar_sticky":"default","osh_disable_header_sticky":"default","osh_sticky_header_style":"default","osh_sticky_header_effect":"","osh_custom_sticky_logo":0,"osh_custom_retina_sticky_logo":0,"osh_custom_sticky_logo_height":0,"osh_background_color":"","osh_links_color":"","osh_links_hover_color":"","osh_links_active_color":"","osh_links_bg_color":"","osh_links_hover_bg_color":"","osh_links_active_bg_color":"","osh_menu_social_links_color":"","osh_menu_social_hover_links_color":"","ocean_post_oembed":"","ocean_post_self_hosted_media":"","ocean_post_video_embed":"","ocean_link_format":"","ocean_link_format_target":"self","ocean_quote_format":"","ocean_quote_format_link":"post","ocean_gallery_link_images":"on","ocean_gallery_id":[],"footnotes":""},"categories":[2],"tags":[4735,4734],"class_list":["post-43138","post","type-post","status-publish","format-standard","has-post-thumbnail","hentry","category-hirek","tag-vagas","tag-vercsek","entry","has-media","owp-thumbs-layout-horizontal","owp-btn-normal","owp-tabs-layout-horizontal","has-no-thumbnails","has-product-nav"],"acf":[],"_links":{"self":[{"href":"https:\/\/milvus.ro\/hu\/wp-json\/wp\/v2\/posts\/43138","targetHints":{"allow":["GET"]}}],"collection":[{"href":"https:\/\/milvus.ro\/hu\/wp-json\/wp\/v2\/posts"}],"about":[{"href":"https:\/\/milvus.ro\/hu\/wp-json\/wp\/v2\/types\/post"}],"author":[{"embeddable":true,"href":"https:\/\/milvus.ro\/hu\/wp-json\/wp\/v2\/users\/17"}],"replies":[{"embeddable":true,"href":"https:\/\/milvus.ro\/hu\/wp-json\/wp\/v2\/comments?post=43138"}],"version-history":[{"count":3,"href":"https:\/\/milvus.ro\/hu\/wp-json\/wp\/v2\/posts\/43138\/revisions"}],"predecessor-version":[{"id":43142,"href":"https:\/\/milvus.ro\/hu\/wp-json\/wp\/v2\/posts\/43138\/revisions\/43142"}],"wp:featuredmedia":[{"embeddable":true,"href":"https:\/\/milvus.ro\/hu\/wp-json\/wp\/v2\/media\/43123"}],"wp:attachment":[{"href":"https:\/\/milvus.ro\/hu\/wp-json\/wp\/v2\/media?parent=43138"}],"wp:term":[{"taxonomy":"category","embeddable":true,"href":"https:\/\/milvus.ro\/hu\/wp-json\/wp\/v2\/categories?post=43138"},{"taxonomy":"post_tag","embeddable":true,"href":"https:\/\/milvus.ro\/hu\/wp-json\/wp\/v2\/tags?post=43138"}],"curies":[{"name":"wp","href":"https:\/\/api.w.org\/{rel}","templated":true}]}}