{"id":43100,"date":"2024-09-25T12:27:55","date_gmt":"2024-09-25T09:27:55","guid":{"rendered":"https:\/\/milvus.ro\/novekszik-a-romaniaban-feszkelo-parlagi-sasok-szama\/"},"modified":"2024-09-30T12:14:55","modified_gmt":"2024-09-30T09:14:55","slug":"novekszik-a-romaniaban-feszkelo-parlagi-sasok-szama","status":"publish","type":"post","link":"https:\/\/milvus.ro\/hu\/novekszik-a-romaniaban-feszkelo-parlagi-sasok-szama\/","title":{"rendered":"N\u00f6vekszik a rom\u00e1ni\u00e1ban f\u00e9szkel\u0151 parlagi sasok sz\u00e1ma!"},"content":{"rendered":"<p><em><strong>Miut\u00e1n 2016-ban a Milvus Csoport ornitol\u00f3gusai megtal\u00e1ltak egy parlagi sas f\u00e9szket, id\u00e9n m\u00e1r 9 parlagi sasok \u00e1ltal elfoglalt ter\u00fcletet siker\u00fclt azonos\u00edtani Rom\u00e1nia nyugati r\u00e9sz\u00e9n, 4 sikeresen kirep\u00fcl\u0151 fi\u00f3k\u00e1val.&nbsp;<\/strong><\/em><\/p><p><span style=\"font-weight: 400;\">2016-ban<\/span><span style=\"font-weight: 400;\"> Arad megy\u00e9ben siker\u00fclt azonos\u00edtanunk egy sikeresen k\u00f6lt\u0151 parlagi sas p\u00e1rt, miut\u00e1n a faj az elm\u00falt 45 \u00e9vben nem f\u00e9szkelt haz\u00e1nkban. A p\u00e1r k\u00e9t fi\u00f3k\u00e1ja k\u00f6z\u00fcl egyik, a <strong style=\"font-weight: 400;\">Bandi<\/strong> n\u00e9vre keresztelt egyed lett <\/span><strong><a href=\"https:\/\/milvus.ro\/hu\/bandi-az-elso-muholdas-nyomkovetovel-ellatott-parlagi-sas-romaniaban\/\">az els\u0151 nyomk\u00f6vet\u0151vel ell\u00e1tott parlagi sas<\/a><\/strong><span style=\"font-weight: 400;\"> Rom\u00e1ni\u00e1ban.&nbsp; <\/span><a href=\"https:\/\/milvus.ro\/hu\/bandi-bejarja-erdelyt\/\"><span style=\"font-weight: 400;\">Bandi kalandjair\u00f3l<\/span><\/a><span style=\"font-weight: 400;\"> az \u00e9vek sor\u00e1n m\u00e1r t\u00f6bb alkalommal besz\u00e1moltunk.&nbsp;&nbsp;<\/span><\/p><figure class=\"wp-block-embed is-type-video is-provider-youtube wp-block-embed-youtube wp-embed-aspect-16-9 wp-has-aspect-ratio\"><div class=\"wp-block-embed__wrapper\">\n<p class=\"responsive-video-wrap clr\"><iframe title=\"Imperial Eagle\/Acvil\u0103 de c\u00e2mp\/Parlagi sas (Aquila heliaca)\" width=\"1200\" height=\"675\" src=\"https:\/\/www.youtube.com\/embed\/LazPSetwCEA?start=50&#038;feature=oembed\" frameborder=\"0\" allow=\"accelerometer; autoplay; clipboard-write; encrypted-media; gyroscope; picture-in-picture; web-share\" referrerpolicy=\"strict-origin-when-cross-origin\" allowfullscreen><\/iframe><\/p>\n<\/div><\/figure><p><span style=\"font-weight: 400;\">A k\u00f6vetkez\u0151 \u00e9vben ugyanez a p\u00e1r k\u00e9t fi\u00f3k\u00e1t nevelt, amelyb\u0151l egyik, az <strong>Emese<\/strong> n\u00e9vre keresztelt p\u00e9ld\u00e1ny lett a m\u00e1sodik m\u0171holdas ad\u00f3val ell\u00e1tott parlagi sas.<\/span><\/p><p><span style=\"font-weight: 400;\">\u00c9vr\u0151l \u00e9vre figyelemmel k\u00f6vett\u00fck a parlagi sasok \u00e1ltal elfoglalt rev\u00edreket \u00e9s k\u00f6lt\u00e9si pr\u00f3b\u00e1lkoz\u00e1sokat is siker\u00fclt azonos\u00edtanunk, ami \u00f6rvendetes, hiszen a parlagi sas a\u00a0 <a href=\"https:\/\/www.iucnredlist.org\/\"><strong>Term\u00e9szetv\u00e9delmi Vil\u00e1gsz\u00f6vets\u00e9g (IUCN) V\u00f6r\u00f6s list\u00e1j\u00e1n<\/strong><\/a> a <strong>vesz\u00e9lyeztetett<\/strong> fajok k\u00f6z\u00e9 tartozik. M\u00edg az el\u0151z\u0151 \u00e9vekben legfeljebb <strong>3 elfoglalt ter\u00fcletet<\/strong> tal\u00e1ltunk \u00e9s csak egy sikeresen k\u00f6lt\u0151 p\u00e1rt jegyezt\u00fcnk fel, az idei eredm\u00e9nyek minden v\u00e1rakoz\u00e1sunkat \u00e9s rem\u00e9ny\u00fcnket fel\u00fclm\u00falt\u00e1k.\u00a0 Az orsz\u00e1g nyugati r\u00e9sz\u00e9n <strong>9 rev\u00edrben \u00e9szlelt\u00fcnk parlagi sast, 3 sikeres k\u00f6lt\u0151 p\u00e1rt regisztr\u00e1ltunk\u00a0 \u00e9s 4 fi\u00f3ka rep\u00fclt ki a f\u00e9szkekb\u0151l<\/strong> (egy f\u00e9szekn\u00e9l nem tudtuk meger\u0151s\u00edteni, hogy a fi\u00f3k\u00e1k sikeresen elhagyt\u00e1k a f\u00e9szket).<\/span><\/p><figure class=\"wp-block-video\"><video controls src=\"https:\/\/milvus.ro\/wp-content\/uploads\/2024\/09\/Video-hirbe.mp4\"><\/video><\/figure><p><span style=\"font-weight: 400;\">Az \u00e1ltalunk azonos\u00edtott n\u00f6veked\u00e9s&nbsp; a magyarorsz\u00e1gi koll\u00e9g\u00e1ink \u00e1ltal v\u00e9gzett t\u00f6bb \u00e9vtizedes term\u00e9szetv\u00e9delmi int\u00e9zked\u00e9seknek k\u00f6sz\u00f6nhet\u0151. Ezek eredm\u00e9nyek\u00e9nt a Magyarorsz\u00e1gon f\u00e9szkel\u0151 p\u00e1rok sz\u00e1ma 220 f\u00f6l\u00e9 emelkedett \u00e9s a faj keleti terjeszked\u00e9se el\u00e9rt hozz\u00e1nk. B\u00e1r ez j\u00f3 h\u00edr, \u00e9s rem\u00e9nyt ad arra, hogy a f\u00e9szkel\u0151 p\u00e1rok sz\u00e1ma tov\u00e1bb fog n\u00f6vekedni, agg\u00f3dunk, hogy orsz\u00e1gunkban <strong>nincsenek megfelel\u0151 k\u00f6r\u00fclm\u00e9nyek<\/strong>, hogy ez a n\u00f6veked\u00e9s egy \u00f6nfenntart\u00f3, stabil \u00e1llom\u00e1nyhoz vezessen. Ennek <strong>egyik oka<\/strong>, hogy az alf\u00f6ldi t\u00e1jban nagyon <strong>kis sz\u00e1mban vannak jelen f\u00e9szkel\u00e9sre alkalmas \u00f6reg f\u00e1k<\/strong>. Ha vannak is, legt\u00f6bbsz\u00f6r zavart helysz\u00edneken, melyek a sasok sz\u00e1m\u00e1ra kedvez\u0151 f\u00e9szkel\u00e9si lehet\u0151s\u00e9geket jelent\u0151sen korl\u00e1tozz\u00e1k. Tov\u00e1bb\u00e1 a faj sz\u00e1m\u00e1ra jelent\u0151s vesz\u00e9lyforr\u00e1st jelentenek a sasok \u00e1ltal l\u00e1togatott ter\u00fcleteken folyamatosan el\u0151fordul\u00f3<strong> m\u00e9rgez\u00e9ses esetek<\/strong>. Erre a probl\u00e9m\u00e1ra m\u00e1r t\u00f6bbsz\u00f6r felh\u00edvtuk az illet\u00e9kes hat\u00f3s\u00e1gok figyelm\u00e9t.<\/span><\/p>","protected":false},"excerpt":{"rendered":"Miut\u00e1n 2016-ban a Milvus Csoport ornitol\u00f3gusai megtal\u00e1ltak egy parlagi sas f\u00e9szket, id\u00e9n m\u00e1r 9 parlagi sasok \u00e1ltal elfoglalt ter\u00fcletet siker\u00fclt azonos\u00edtani Rom\u00e1nia nyugati r\u00e9sz\u00e9n, 4 sikeresen kirep\u00fcl\u0151 fi\u00f3k\u00e1val.&nbsp;2016-ban Arad megy\u00e9ben siker\u00fclt azonos\u00edtanunk egy sikeresen k\u00f6lt\u0151 parlagi sas p\u00e1rt, miut\u00e1n a faj az elm\u00falt 45 \u00e9vben nem f\u00e9szkelt haz\u00e1nkban. A p\u00e1r k\u00e9t fi\u00f3k\u00e1ja k\u00f6z\u00fcl egyik, a [&hellip;]","protected":false},"author":17,"featured_media":43098,"comment_status":"open","ping_status":"open","sticky":false,"template":"","format":"standard","meta":{"_acf_changed":false,"_eb_attr":"","ocean_post_layout":"","ocean_both_sidebars_style":"","ocean_both_sidebars_content_width":0,"ocean_both_sidebars_sidebars_width":0,"ocean_sidebar":"","ocean_second_sidebar":"","ocean_disable_margins":"enable","ocean_add_body_class":"","ocean_shortcode_before_top_bar":"","ocean_shortcode_after_top_bar":"","ocean_shortcode_before_header":"","ocean_shortcode_after_header":"","ocean_has_shortcode":"","ocean_shortcode_after_title":"","ocean_shortcode_before_footer_widgets":"","ocean_shortcode_after_footer_widgets":"","ocean_shortcode_before_footer_bottom":"","ocean_shortcode_after_footer_bottom":"","ocean_display_top_bar":"default","ocean_display_header":"default","ocean_header_style":"","ocean_center_header_left_menu":"","ocean_custom_header_template":"","ocean_custom_logo":0,"ocean_custom_retina_logo":0,"ocean_custom_logo_max_width":0,"ocean_custom_logo_tablet_max_width":0,"ocean_custom_logo_mobile_max_width":0,"ocean_custom_logo_max_height":0,"ocean_custom_logo_tablet_max_height":0,"ocean_custom_logo_mobile_max_height":0,"ocean_header_custom_menu":"","ocean_menu_typo_font_family":"","ocean_menu_typo_font_subset":"","ocean_menu_typo_font_size":0,"ocean_menu_typo_font_size_tablet":0,"ocean_menu_typo_font_size_mobile":0,"ocean_menu_typo_font_size_unit":"px","ocean_menu_typo_font_weight":"","ocean_menu_typo_font_weight_tablet":"","ocean_menu_typo_font_weight_mobile":"","ocean_menu_typo_transform":"","ocean_menu_typo_transform_tablet":"","ocean_menu_typo_transform_mobile":"","ocean_menu_typo_line_height":0,"ocean_menu_typo_line_height_tablet":0,"ocean_menu_typo_line_height_mobile":0,"ocean_menu_typo_line_height_unit":"","ocean_menu_typo_spacing":0,"ocean_menu_typo_spacing_tablet":0,"ocean_menu_typo_spacing_mobile":0,"ocean_menu_typo_spacing_unit":"","ocean_menu_link_color":"","ocean_menu_link_color_hover":"","ocean_menu_link_color_active":"","ocean_menu_link_background":"","ocean_menu_link_hover_background":"","ocean_menu_link_active_background":"","ocean_menu_social_links_bg":"","ocean_menu_social_hover_links_bg":"","ocean_menu_social_links_color":"","ocean_menu_social_hover_links_color":"","ocean_disable_title":"default","ocean_disable_heading":"default","ocean_post_title":"","ocean_post_subheading":"","ocean_post_title_style":"","ocean_post_title_background_color":"","ocean_post_title_background":0,"ocean_post_title_bg_image_position":"","ocean_post_title_bg_image_attachment":"","ocean_post_title_bg_image_repeat":"","ocean_post_title_bg_image_size":"","ocean_post_title_height":0,"ocean_post_title_bg_overlay":0.5,"ocean_post_title_bg_overlay_color":"","ocean_disable_breadcrumbs":"default","ocean_breadcrumbs_color":"","ocean_breadcrumbs_separator_color":"","ocean_breadcrumbs_links_color":"","ocean_breadcrumbs_links_hover_color":"","ocean_display_footer_widgets":"default","ocean_display_footer_bottom":"default","ocean_custom_footer_template":"","omw_enable_modal_window":"enable","osh_disable_topbar_sticky":"default","osh_disable_header_sticky":"default","osh_sticky_header_style":"default","osh_sticky_header_effect":"","osh_custom_sticky_logo":0,"osh_custom_retina_sticky_logo":0,"osh_custom_sticky_logo_height":0,"osh_background_color":"","osh_links_color":"","osh_links_hover_color":"","osh_links_active_color":"","osh_links_bg_color":"","osh_links_hover_bg_color":"","osh_links_active_bg_color":"","osh_menu_social_links_color":"","osh_menu_social_hover_links_color":"","ocean_post_oembed":"","ocean_post_self_hosted_media":"","ocean_post_video_embed":"","ocean_link_format":"","ocean_link_format_target":"self","ocean_quote_format":"","ocean_quote_format_link":"post","ocean_gallery_link_images":"on","ocean_gallery_id":[],"footnotes":""},"categories":[2],"tags":[3857,4686,3543],"class_list":["post-43100","post","type-post","status-publish","format-standard","has-post-thumbnail","hentry","category-hirek","tag-feszkeles","tag-monitoring-hu-2","tag-parlagi-sas","entry","has-media","owp-thumbs-layout-horizontal","owp-btn-normal","owp-tabs-layout-horizontal","has-no-thumbnails","has-product-nav"],"acf":[],"_links":{"self":[{"href":"https:\/\/milvus.ro\/hu\/wp-json\/wp\/v2\/posts\/43100","targetHints":{"allow":["GET"]}}],"collection":[{"href":"https:\/\/milvus.ro\/hu\/wp-json\/wp\/v2\/posts"}],"about":[{"href":"https:\/\/milvus.ro\/hu\/wp-json\/wp\/v2\/types\/post"}],"author":[{"embeddable":true,"href":"https:\/\/milvus.ro\/hu\/wp-json\/wp\/v2\/users\/17"}],"replies":[{"embeddable":true,"href":"https:\/\/milvus.ro\/hu\/wp-json\/wp\/v2\/comments?post=43100"}],"version-history":[{"count":4,"href":"https:\/\/milvus.ro\/hu\/wp-json\/wp\/v2\/posts\/43100\/revisions"}],"predecessor-version":[{"id":43117,"href":"https:\/\/milvus.ro\/hu\/wp-json\/wp\/v2\/posts\/43100\/revisions\/43117"}],"wp:featuredmedia":[{"embeddable":true,"href":"https:\/\/milvus.ro\/hu\/wp-json\/wp\/v2\/media\/43098"}],"wp:attachment":[{"href":"https:\/\/milvus.ro\/hu\/wp-json\/wp\/v2\/media?parent=43100"}],"wp:term":[{"taxonomy":"category","embeddable":true,"href":"https:\/\/milvus.ro\/hu\/wp-json\/wp\/v2\/categories?post=43100"},{"taxonomy":"post_tag","embeddable":true,"href":"https:\/\/milvus.ro\/hu\/wp-json\/wp\/v2\/tags?post=43100"}],"curies":[{"name":"wp","href":"https:\/\/api.w.org\/{rel}","templated":true}]}}