{"id":38404,"date":"2023-03-07T12:24:58","date_gmt":"2023-03-07T10:24:58","guid":{"rendered":"https:\/\/milvus.ro\/?p=38404"},"modified":"2023-06-28T11:53:38","modified_gmt":"2023-06-28T08:53:38","slug":"torvenyalkotassal-kapcsolatos-tevekenysegeink-2022-ben","status":"publish","type":"post","link":"https:\/\/milvus.ro\/hu\/torvenyalkotassal-kapcsolatos-tevekenysegeink-2022-ben\/","title":{"rendered":"T\u00f6rv\u00e9nyalkot\u00e1ssal kapcsolatos tev\u00e9kenys\u00e9geink 2022-ben"},"content":{"rendered":"<p>A Milvus Csoport tagjai ugyan sz\u00edvesebben dolgoznak terepen vagy v\u00e9geznek gyakorlati term\u00e9szetv\u00e9delmi munk\u00e1t, az ut\u00f3bbi \u00e9vekben egyre t\u00f6bb energi\u00e1t ford\u00edtanak, kell ford\u00edtsanak a szakpolitikai tev\u00e9kenys\u00e9gekre. \u00cdgy j\u00e1rulunk hozz\u00e1 a term\u00e9szetv\u00e9delmi t\u00f6rv\u00e9nyek \u00e9s int\u00e9zked\u00e9sek szakmais\u00e1g\u00e1hoz, hogy ezek val\u00f3ban a biodiverzit\u00e1s meg\u0151rz\u00e9s\u00e9t \u00e9s az \u00e9l\u0151helyek v\u00e9delm\u00e9t szolg\u00e1lj\u00e1k \u00e9s ne valamilyen m\u00e1s \u00e9rdekcsoportot\u00e9t vagy amolyan l\u00e1tszatint\u00e9zked\u00e9sek legyenek.<\/p><p>2022-ben is t\u00f6bb t\u00f6rv\u00e9ny \u00e9s hat\u00e1rozat elk\u00e9sz\u00fcl\u00e9si folyamat\u00e1ba kapcsol\u00f3dtunk be.<\/p><p>A legt\u00f6bb energi\u00e1t tal\u00e1n az \u00faj <strong>Nemzeti Strat\u00e9giai Tervre<\/strong> (PNS) ford\u00edtottuk, mivel \u00fagy gondoljuk, hogy a mez\u0151gazdas\u00e1g, a f\u00f6ldm\u0171vel\u00e9s mik\u00e9ntje nagyon fontos term\u00e9szetv\u00e9delmi szempontb\u00f3l is. Az Eur\u00f3pai Uni\u00f3 \u201eFarm to Fork\u201d strat\u00e9gia megfelel\u0151 \u00e9letbe \u00fcltet\u00e9se elengedhetetlen, hogy a term\u00e9szet \u00e1ltal ny\u00fajtott szolg\u00e1ltat\u00e1sokat meg\u0151rizz\u00fck.<\/p><p>Az \u00e9v folyam\u00e1n folyamatosan r\u00e9szt vett\u00fcnk az Agr\u00e1r \u00e9s Vid\u00e9kfejleszt\u00e9si Miniszt\u00e9rium \u00e1ltal szervezett (MADR) nyilv\u00e1nos konzult\u00e1ci\u00f3kon \u00e9s javaslatokat ny\u00fajtottunk be gazda-, m\u00e9h\u00e9sz- \u00e9s m\u00e1s term\u00e9szetv\u00e9delmi szervezetekkel k\u00f6z\u00f6sen. Fontosnak tartottuk az \u00f6sszefog\u00e1st ezekkel a szervezetekkel, mivel a Nemzeti Strat\u00e9giai Terv els\u0151 v\u00e1ltozata nem csak term\u00e9szetv\u00e9delmi szempontb\u00f3l volt kifog\u00e1solhat\u00f3, de a <a href=\"https:\/\/milvus.ro\/hu\/a-mezogazdasagi-miniszterium-nem-torodik-a-gazdakkal-es-a-kornyezettel\/\">kisgazd\u00e1kat \u00e9s m\u00e9h\u00e9sz t\u00e1rsadalmat is h\u00e1tr\u00e1nyosan \u00e9rintette ugyanakkor<\/a>. Az \u00e1ltalunk beny\u00fajtott k\u00e9t javaslat (<a href=\"https:\/\/drive.google.com\/file\/d\/1BHx4QZHi5e53ReaRJ420Fll7dLiqLZ2i\/view\">els\u0151 javaslat<\/a>, <a href=\"https:\/\/drive.google.com\/file\/d\/1wlRy9swYc3cuDU9H1ORni1FrWvi9UYEK\/view\">m\u00e1sodik javaslat<\/a>, <a href=\"https:\/\/milvus.ro\/wp-content\/uploads\/2022\/03\/Scrisoare-de-pozitie-CoalitiePNS_consultare-publica-MADR_25-feb-2022.pdf\">a miniszt\u00e9riumnak k\u00fcld\u00f6tt level\u00fcnk<\/a>) nem \u00e9rte el a miniszt\u00e9rium ingerk\u00fcsz\u00f6b\u00e9t, \u00edgy partnereinkkel az <a href=\"https:\/\/drive.google.com\/file\/d\/1EBgZKpWS9hHpWvqEP5kMPqIB38-Ho1b2\/view?usp=sharing\">Eur\u00f3pai Bizotts\u00e1g fel\u00e9 is jelezt\u00fck aggodalmainkat,<\/a> ahol sokkal nyitottabb f\u00fclekre tal\u00e1ltunk. Ennek k\u00f6vetkezt\u00e9ben a Bizotts\u00e1g a mi javaslatainkb\u00f3l is be\u00e9p\u00edtett a Strat\u00e9giai Terv els\u0151 ki\u00e9rt\u00e9kel\u00e9s\u00e9be \u00e9s sz\u00e1mos jav\u00edt\u00e1ssal, megjegyz\u00e9ssel k\u00fcldte azt vissza a Mez\u0151gazdas\u00e1gi Miniszt\u00e9riumnak. Sajnos a v\u00e9gs\u0151 v\u00e1ltozatr\u00f3l csak annyit tudunk elmondani, hogy nem annyira kifog\u00e1solhat\u00f3, mint az els\u0151, de \u00edgy is komoly aggodalmaink vannak, hogy ilyen keretek k\u00f6z\u00f6tt Rom\u00e1nia nem lesz k\u00e9pes teljes\u00edteni a Termel\u0151t\u0151l a fogyaszt\u00f3ig (Farm to Folk) strat\u00e9gia c\u00e9ljait.<\/p><p>Egyre t\u00f6bb figyelmet igyeksz\u00fcnk ford\u00edtani a biodiverzit\u00e1s \u00e9s kl\u00edmav\u00e9delem szempontj\u00e1b\u00f3l is jelent\u0151s gyepek v\u00e9delm\u00e9re, \u00edgy agg\u00f3d\u00f3 szemekkel figyelj\u00fck a gyepeket is \u00e9rint\u0151 t\u00f6rv\u00e9nyeket \u00e9s beruh\u00e1z\u00e1sokat.<\/p><p>Figyelemmel k\u00f6vetj\u00fck azt is, hogy a <strong>z\u00f6ldenergia beruh\u00e1z\u00e1sok<\/strong> \u00fagy t\u00f6rt\u00e9njenek meg, hogy azok ne a term\u00e9szetes \u00e9l\u0151helyek rov\u00e1s\u00e1ra menjenek. Hiszen ilyenkor a megtermelt z\u00f6ld energia nem j\u00e1r annyi el\u0151nnyel, mint amennyit a term\u00e9szetes \u00e9l\u0151helyek sz\u00e9n-monoxid megk\u00f6t\u00e9s\u00e9vel vesz\u00edt\u00fcnk. Igyekezt\u00fcnk a k\u00fcl\u00f6nb\u00f6z\u0151 p\u00e1rtok k\u00e9pvisel\u0151i mellett a Fenntarthat\u00f3 Fejl\u0151d\u00e9s f\u0151oszt\u00e1ly figyelm\u00e9t is felkelteni. Csak rem\u00e9nykedhet\u00fcnk benne, hogy a z\u00f6ldenergia- beruh\u00e1z\u00e1sok tervez\u00e9s\u00e9n\u00e9l a term\u00e9szet \u00e1ltal ny\u00fajtott szolg\u00e1ltat\u00e1sokat is figyelembe veszik.<\/p><p>A sikertelen pr\u00f3b\u00e1lkoz\u00e1sainkat k\u00f6vet\u0151en, utols\u00f3 elkesered\u00e9s\u00fcnkben az <a href=\"https:\/\/milvus.ro\/retrimiteti-legea-in-parlament\/\">\u00e1llameln\u00f6knek k\u00fcldt\u00fcnk ny\u00edlt level<\/a>et, viszont ezt sz\u00e1mba nem v\u00e9ve, 2022-ben, oly m\u00f3don v\u00e1ltozott a Vad\u00e1szt\u00f6rv\u00e9ny, hogy ellen\u0151rizhetetlenn\u00e9 teszi az egy \u00e9v alatt kil\u0151tt madarak sz\u00e1m\u00e1t. A K\u00f6rnyezetv\u00e9delmi Miniszt\u00e9rium kor\u00e1bban t\u00f6bbsz\u00f6r is pert vesztett a b\u00edr\u00f3s\u00e1gon, mivel nem tudta tudom\u00e1nyos adatokkal al\u00e1t\u00e1masztani, hogy mi\u00e9rt enged\u00e9lyezi nagy mennyis\u00e9gben a vonul\u00f3 madarak kil\u00f6v\u00e9s\u00e9t. Ennek orvosl\u00e1s\u00e1ra \u00fagy v\u00e1ltoztatt\u00e1k meg a t\u00f6rv\u00e9nyt, hogy ilyen tudom\u00e1nyos adatokra ne is legyen sz\u00fcks\u00e9g.<\/p><p>B\u00e1r, n\u00e9ha \u00fagy t\u0171nik sz\u00e9lmalomharcot v\u00edvunk, mi folytatjuk munk\u00e1nkat \u00e9s \u00f6r\u00fcl\u00fcnk, ha meghallj\u00e1k hangunkat \u00e9s hozz\u00e1j\u00e1rhatunk&nbsp; k\u00f6rnyezet- \u00e9s term\u00e9szetbar\u00e1t int\u00e9zked\u00e9sekhez.<\/p><p><\/p>","protected":false},"excerpt":{"rendered":"A Milvus Csoport tagjai ugyan sz\u00edvesebben dolgoznak terepen vagy v\u00e9geznek gyakorlati term\u00e9szetv\u00e9delmi munk\u00e1t, az ut\u00f3bbi \u00e9vekben egyre t\u00f6bb energi\u00e1t ford\u00edtanak, kell ford\u00edtsanak a szakpolitikai tev\u00e9kenys\u00e9gekre. \u00cdgy j\u00e1rulunk hozz\u00e1 a term\u00e9szetv\u00e9delmi t\u00f6rv\u00e9nyek \u00e9s int\u00e9zked\u00e9sek szakmais\u00e1g\u00e1hoz, hogy ezek val\u00f3ban a biodiverzit\u00e1s meg\u0151rz\u00e9s\u00e9t \u00e9s az \u00e9l\u0151helyek v\u00e9delm\u00e9t szolg\u00e1lj\u00e1k \u00e9s ne valamilyen m\u00e1s \u00e9rdekcsoportot\u00e9t vagy amolyan l\u00e1tszatint\u00e9zked\u00e9sek legyenek.2022-ben is [&hellip;]","protected":false},"author":17,"featured_media":38402,"comment_status":"open","ping_status":"open","sticky":false,"template":"","format":"standard","meta":{"_acf_changed":false,"_eb_attr":"","ocean_post_layout":"","ocean_both_sidebars_style":"","ocean_both_sidebars_content_width":0,"ocean_both_sidebars_sidebars_width":0,"ocean_sidebar":"","ocean_second_sidebar":"","ocean_disable_margins":"enable","ocean_add_body_class":"","ocean_shortcode_before_top_bar":"","ocean_shortcode_after_top_bar":"","ocean_shortcode_before_header":"","ocean_shortcode_after_header":"","ocean_has_shortcode":"","ocean_shortcode_after_title":"","ocean_shortcode_before_footer_widgets":"","ocean_shortcode_after_footer_widgets":"","ocean_shortcode_before_footer_bottom":"","ocean_shortcode_after_footer_bottom":"","ocean_display_top_bar":"default","ocean_display_header":"default","ocean_header_style":"","ocean_center_header_left_menu":"","ocean_custom_header_template":"","ocean_custom_logo":0,"ocean_custom_retina_logo":0,"ocean_custom_logo_max_width":0,"ocean_custom_logo_tablet_max_width":0,"ocean_custom_logo_mobile_max_width":0,"ocean_custom_logo_max_height":0,"ocean_custom_logo_tablet_max_height":0,"ocean_custom_logo_mobile_max_height":0,"ocean_header_custom_menu":"","ocean_menu_typo_font_family":"","ocean_menu_typo_font_subset":"","ocean_menu_typo_font_size":0,"ocean_menu_typo_font_size_tablet":0,"ocean_menu_typo_font_size_mobile":0,"ocean_menu_typo_font_size_unit":"px","ocean_menu_typo_font_weight":"","ocean_menu_typo_font_weight_tablet":"","ocean_menu_typo_font_weight_mobile":"","ocean_menu_typo_transform":"","ocean_menu_typo_transform_tablet":"","ocean_menu_typo_transform_mobile":"","ocean_menu_typo_line_height":0,"ocean_menu_typo_line_height_tablet":0,"ocean_menu_typo_line_height_mobile":0,"ocean_menu_typo_line_height_unit":"","ocean_menu_typo_spacing":0,"ocean_menu_typo_spacing_tablet":0,"ocean_menu_typo_spacing_mobile":0,"ocean_menu_typo_spacing_unit":"","ocean_menu_link_color":"","ocean_menu_link_color_hover":"","ocean_menu_link_color_active":"","ocean_menu_link_background":"","ocean_menu_link_hover_background":"","ocean_menu_link_active_background":"","ocean_menu_social_links_bg":"","ocean_menu_social_hover_links_bg":"","ocean_menu_social_links_color":"","ocean_menu_social_hover_links_color":"","ocean_disable_title":"default","ocean_disable_heading":"default","ocean_post_title":"","ocean_post_subheading":"","ocean_post_title_style":"","ocean_post_title_background_color":"","ocean_post_title_background":0,"ocean_post_title_bg_image_position":"","ocean_post_title_bg_image_attachment":"","ocean_post_title_bg_image_repeat":"","ocean_post_title_bg_image_size":"","ocean_post_title_height":0,"ocean_post_title_bg_overlay":0.5,"ocean_post_title_bg_overlay_color":"","ocean_disable_breadcrumbs":"default","ocean_breadcrumbs_color":"","ocean_breadcrumbs_separator_color":"","ocean_breadcrumbs_links_color":"","ocean_breadcrumbs_links_hover_color":"","ocean_display_footer_widgets":"default","ocean_display_footer_bottom":"default","ocean_custom_footer_template":"","omw_enable_modal_window":"enable","osh_disable_topbar_sticky":"default","osh_disable_header_sticky":"default","osh_sticky_header_style":"default","osh_sticky_header_effect":"","osh_custom_sticky_logo":0,"osh_custom_retina_sticky_logo":0,"osh_custom_sticky_logo_height":0,"osh_background_color":"","osh_links_color":"","osh_links_hover_color":"","osh_links_active_color":"","osh_links_bg_color":"","osh_links_hover_bg_color":"","osh_links_active_bg_color":"","osh_menu_social_links_color":"","osh_menu_social_hover_links_color":"","ocean_post_oembed":"","ocean_post_self_hosted_media":"","ocean_post_video_embed":"","ocean_link_format":"","ocean_link_format_target":"self","ocean_quote_format":"","ocean_quote_format_link":"post","ocean_gallery_link_images":"off","ocean_gallery_id":[],"footnotes":""},"categories":[2],"tags":[4316],"class_list":["post-38404","post","type-post","status-publish","format-standard","has-post-thumbnail","hentry","category-hirek","tag-policy-hu","entry","has-media","owp-thumbs-layout-horizontal","owp-btn-normal","owp-tabs-layout-horizontal","has-no-thumbnails","has-product-nav"],"acf":[],"_links":{"self":[{"href":"https:\/\/milvus.ro\/hu\/wp-json\/wp\/v2\/posts\/38404","targetHints":{"allow":["GET"]}}],"collection":[{"href":"https:\/\/milvus.ro\/hu\/wp-json\/wp\/v2\/posts"}],"about":[{"href":"https:\/\/milvus.ro\/hu\/wp-json\/wp\/v2\/types\/post"}],"author":[{"embeddable":true,"href":"https:\/\/milvus.ro\/hu\/wp-json\/wp\/v2\/users\/17"}],"replies":[{"embeddable":true,"href":"https:\/\/milvus.ro\/hu\/wp-json\/wp\/v2\/comments?post=38404"}],"version-history":[{"count":3,"href":"https:\/\/milvus.ro\/hu\/wp-json\/wp\/v2\/posts\/38404\/revisions"}],"predecessor-version":[{"id":39324,"href":"https:\/\/milvus.ro\/hu\/wp-json\/wp\/v2\/posts\/38404\/revisions\/39324"}],"wp:featuredmedia":[{"embeddable":true,"href":"https:\/\/milvus.ro\/hu\/wp-json\/wp\/v2\/media\/38402"}],"wp:attachment":[{"href":"https:\/\/milvus.ro\/hu\/wp-json\/wp\/v2\/media?parent=38404"}],"wp:term":[{"taxonomy":"category","embeddable":true,"href":"https:\/\/milvus.ro\/hu\/wp-json\/wp\/v2\/categories?post=38404"},{"taxonomy":"post_tag","embeddable":true,"href":"https:\/\/milvus.ro\/hu\/wp-json\/wp\/v2\/tags?post=38404"}],"curies":[{"name":"wp","href":"https:\/\/api.w.org\/{rel}","templated":true}]}}