{"id":18517,"date":"2020-11-18T21:27:21","date_gmt":"2020-11-18T19:27:21","guid":{"rendered":"http:\/\/localhost\/hol-vannak-a-zold-es-klima-celok-a-valasztasi-kampanyban\/"},"modified":"2021-05-25T17:57:12","modified_gmt":"2021-05-25T14:57:12","slug":"hol-vannak-a-zold-es-klima-celok-a-valasztasi-kampanyban","status":"publish","type":"post","link":"https:\/\/milvus.ro\/hu\/hol-vannak-a-zold-es-klima-celok-a-valasztasi-kampanyban\/","title":{"rendered":"Hol vannak a z\u00f6ld \u00e9s kl\u00edma c\u00e9lok a v\u00e1laszt\u00e1si kamp\u00e1nyban?"},"content":{"rendered":"<p>Amikor a vil\u00e1g politik\u00e1ja a kl\u00edmav\u00e1ls\u00e1gt\u00f3l hangos \u00e9s Eur\u00f3pa igyekszik az \u00e9len j\u00e1rni a kl\u00edmakatasztr\u00f3fa elker\u00fcl\u00e9s\u00e9ben, addig a rom\u00e1niai parlamenti v\u00e1laszt\u00e1si kamp\u00e1nyban csak n\u00e9h\u00e1ny p\u00e1rt tematiz\u00e1lja ezt, a j\u00f6v\u0151nket legink\u00e1bb befoly\u00e1sol\u00f3 t\u00e9m\u00e1t.<\/p><figure class=\"wp-block-image alignwide\"><img decoding=\"async\" src=\"https:\/\/milvus.ro\/wp-content\/uploads\/2020\/11\/Unde-sunt-discutiile-despre-criza-climatica-si-tintele-\u201everzi-scaled-1.jpg\" alt=\"\" class=\"wp-image-16745\"\/><\/figure><p>A kl\u00edmav\u00e1ls\u00e1g \u00e9s a t\u00f6meges fajkihal\u00e1s korszak\u00e1ban az <a href=\"https:\/\/ec.europa.eu\/info\/strategy\/priorities-2019-2024\/european-green-deal_hu\">Eur\u00f3pai Uni\u00f3 ambici\u00f3zus Z\u00f6ld Meg\u00e1llapod\u00e1s\u00e1val <\/a>p\u00e9ldateremt\u0151v\u00e9 szeretne v\u00e1lni. Terve, hogy az Eur\u00f3pai Uni\u00f3 2050-re nett\u00f3 null\u00e1ra cs\u00f6kkenti az \u00fcvegh\u00e1zhat\u00e1s\u00fa g\u00e1zok kibocs\u00e1t\u00e1s\u00e1t. B\u00e1r a c\u00e9l t\u00e1volinak t\u0171nik, siker\u00e9hez az alapokat most kell letenni. A 2025-\u00f6s \u00e9s 2030-as c\u00e9lkit\u0171z\u00e9sek (p\u00e9ld\u00e1ul a 1990-es szint\u0171 \u00fcvegh\u00e1zhat\u00e1s\u00fa g\u00e1zok kibocs\u00e1t\u00e1s\u00e1nak fel\u00e9re cs\u00f6kkent\u00e9se) m\u00e1r nincsenek olyan messze, \u00e9s ismerve orsz\u00e1gunk b\u00fcrokr\u00e1ci\u00e1j\u00e1t, egy-egy val\u00f3s\u00e1gos l\u00e9p\u00e9shez hossz\u00fa \u00e9vek kellenek. A meg\u00e1llapod\u00e1st Rom\u00e1nia is k\u00e9szs\u00e9gesen al\u00e1\u00edrta, m\u00e9gsem hallani Rom\u00e1niai z\u00f6ld\u00edt\u00e9si strat\u00e9gi\u00e1j\u00e1r\u00f3l, terv\u00e9r\u0151l m\u00e9g a kamp\u00e1nyid\u0151szakban sem.<\/p><p><a href=\"https:\/\/ziare.com\/mediu\/incalzire-globala\/8-din-10-romani-cred-ca-tara-este-afectata-de-incalzirea-globala-sondaj-ires-1577592\">Orsz\u00e1gunkban t\u00edzb\u0151l nyolc ember gondolja, hogy Rom\u00e1ni\u00e1t is \u00e9rinti a kl\u00edmav\u00e1ltoz\u00e1s<\/a>. A lakoss\u00e1g 82 sz\u00e1zal\u00e9ka sz\u00e1m\u00e1ra fontos a term\u00e9szetv\u00e9delem. Szerint\u00fck <a href=\"https:\/\/ec.europa.eu\/romania\/news\/20200303_eurobarometru_probleme_mediu_ro\">a legs\u00fcrget\u0151bb k\u00f6rnyezetv\u00e9delmi probl\u00e9m\u00e1k a kl\u00edmav\u00e1ltoz\u00e1s, a l\u00e9gszennyez\u00e9s \u00e9s a szem\u00e9t<\/a>. A fiatals\u00e1g z\u00f6ld szeml\u00e9lete n\u00e1lunk is egyre er\u0151sebb. A gazdas\u00e1gi szf\u00e9ra is egyre t\u00f6bb lehet\u0151s\u00e9get l\u00e1t a z\u00f6ld j\u00f6v\u0151ben.<\/p><p>Mi\u00e9rt nem l\u00e1tnak a politikusok?<\/p><p>Tal\u00e1n, mert a k\u00edlmav\u00e9delem olyan, mint a j\u00e1rv\u00e1nykezel\u00e9s, csak k\u00f6z\u00f6sen, a pillanatnyi szem\u00e9lyes \u00e9rdekeket feladva, egy megfelel\u0151en m\u0171k\u00f6d\u0151 z\u00f6ld rendszer megteremt\u00e9s\u00e9vel lehets\u00e9ges. A gazdas\u00e1g z\u00f6ld \u00fajraind\u00edt\u00e1sa, a mez\u0151gazdas\u00e1g vagy az infrastrukt\u00fara z\u00f6ld fejleszt\u00e9se, a term\u00e9szetv\u00e9delmi ter\u00fcletek strat\u00e9giai v\u00e9delme vagy a v\u00edzgazd\u00e1lkod\u00e1s korszer\u0171s\u00edt\u00e9se mind-mind sz\u00fcks\u00e9gesek lenn\u00e9nek a biztons\u00e1gos k\u00f6zelj\u00f6v\u0151 megteremt\u00e9s\u00e9hez, ami\u00e9rt csak most, a jelenben tehet\u00fcnk.<\/p><p>\u00c9ppen ez\u00e9rt buzd\u00edtunk minden parlamenti v\u00e1laszt\u00e1sokon indul\u00f3 p\u00e1rtot, hogy az Eur\u00f3pai Z\u00f6ld Meg\u00e1llapod\u00e1s megval\u00f3s\u00edt\u00e1s\u00e1t \u00e9p\u00edtse be kamp\u00e1ny\u00e1ba \u00e9s megval\u00f3s\u00edtand\u00f3 tervei k\u00f6z\u00e9.<\/p><p>Az embereknek ig\u00e9ny\u00fck van egy z\u00f6ldebb orsz\u00e1gra!<\/p>","protected":false},"excerpt":{"rendered":"Amikor a vil\u00e1g politik\u00e1ja a kl\u00edmav\u00e1ls\u00e1gt\u00f3l hangos \u00e9s Eur\u00f3pa igyekszik az \u00e9len j\u00e1rni a kl\u00edmakatasztr\u00f3fa elker\u00fcl\u00e9s\u00e9ben, addig a rom\u00e1niai parlamenti v\u00e1laszt\u00e1si kamp\u00e1nyban csak n\u00e9h\u00e1ny p\u00e1rt tematiz\u00e1lja ezt, a j\u00f6v\u0151nket legink\u00e1bb befoly\u00e1sol\u00f3 t\u00e9m\u00e1t.A kl\u00edmav\u00e1ls\u00e1g \u00e9s a t\u00f6meges fajkihal\u00e1s korszak\u00e1ban az Eur\u00f3pai Uni\u00f3 ambici\u00f3zus Z\u00f6ld Meg\u00e1llapod\u00e1s\u00e1val p\u00e9ldateremt\u0151v\u00e9 szeretne v\u00e1lni. Terve, hogy az Eur\u00f3pai Uni\u00f3 2050-re nett\u00f3 null\u00e1ra [&hellip;]","protected":false},"author":3,"featured_media":21003,"comment_status":"open","ping_status":"open","sticky":false,"template":"","format":"standard","meta":{"_acf_changed":false,"_eb_attr":"","ocean_post_layout":"","ocean_both_sidebars_style":"","ocean_both_sidebars_content_width":0,"ocean_both_sidebars_sidebars_width":0,"ocean_sidebar":"0","ocean_second_sidebar":"0","ocean_disable_margins":"enable","ocean_add_body_class":"","ocean_shortcode_before_top_bar":"","ocean_shortcode_after_top_bar":"","ocean_shortcode_before_header":"","ocean_shortcode_after_header":"","ocean_has_shortcode":"","ocean_shortcode_after_title":"","ocean_shortcode_before_footer_widgets":"","ocean_shortcode_after_footer_widgets":"","ocean_shortcode_before_footer_bottom":"","ocean_shortcode_after_footer_bottom":"","ocean_display_top_bar":"default","ocean_display_header":"default","ocean_header_style":"","ocean_center_header_left_menu":"0","ocean_custom_header_template":"0","ocean_custom_logo":0,"ocean_custom_retina_logo":0,"ocean_custom_logo_max_width":0,"ocean_custom_logo_tablet_max_width":0,"ocean_custom_logo_mobile_max_width":0,"ocean_custom_logo_max_height":0,"ocean_custom_logo_tablet_max_height":0,"ocean_custom_logo_mobile_max_height":0,"ocean_header_custom_menu":"0","ocean_menu_typo_font_family":"0","ocean_menu_typo_font_subset":"","ocean_menu_typo_font_size":0,"ocean_menu_typo_font_size_tablet":0,"ocean_menu_typo_font_size_mobile":0,"ocean_menu_typo_font_size_unit":"px","ocean_menu_typo_font_weight":"","ocean_menu_typo_font_weight_tablet":"","ocean_menu_typo_font_weight_mobile":"","ocean_menu_typo_transform":"","ocean_menu_typo_transform_tablet":"","ocean_menu_typo_transform_mobile":"","ocean_menu_typo_line_height":0,"ocean_menu_typo_line_height_tablet":0,"ocean_menu_typo_line_height_mobile":0,"ocean_menu_typo_line_height_unit":"","ocean_menu_typo_spacing":0,"ocean_menu_typo_spacing_tablet":0,"ocean_menu_typo_spacing_mobile":0,"ocean_menu_typo_spacing_unit":"","ocean_menu_link_color":"","ocean_menu_link_color_hover":"","ocean_menu_link_color_active":"","ocean_menu_link_background":"","ocean_menu_link_hover_background":"","ocean_menu_link_active_background":"","ocean_menu_social_links_bg":"","ocean_menu_social_hover_links_bg":"","ocean_menu_social_links_color":"","ocean_menu_social_hover_links_color":"","ocean_disable_title":"default","ocean_disable_heading":"default","ocean_post_title":"","ocean_post_subheading":"","ocean_post_title_style":"","ocean_post_title_background_color":"","ocean_post_title_background":0,"ocean_post_title_bg_image_position":"","ocean_post_title_bg_image_attachment":"","ocean_post_title_bg_image_repeat":"","ocean_post_title_bg_image_size":"","ocean_post_title_height":0,"ocean_post_title_bg_overlay":0.5,"ocean_post_title_bg_overlay_color":"","ocean_disable_breadcrumbs":"default","ocean_breadcrumbs_color":"","ocean_breadcrumbs_separator_color":"","ocean_breadcrumbs_links_color":"","ocean_breadcrumbs_links_hover_color":"","ocean_display_footer_widgets":"default","ocean_display_footer_bottom":"default","ocean_custom_footer_template":"0","omw_enable_modal_window":"enable","osh_disable_topbar_sticky":"default","osh_disable_header_sticky":"default","osh_sticky_header_style":"default","osh_sticky_header_effect":"","osh_custom_sticky_logo":0,"osh_custom_retina_sticky_logo":0,"osh_custom_sticky_logo_height":0,"osh_background_color":"","osh_links_color":"","osh_links_hover_color":"","osh_links_active_color":"","osh_links_bg_color":"","osh_links_hover_bg_color":"","osh_links_active_bg_color":"","osh_menu_social_links_color":"","osh_menu_social_hover_links_color":"","ocean_post_oembed":"","ocean_post_self_hosted_media":"","ocean_post_video_embed":"","ocean_link_format":"","ocean_link_format_target":"self","ocean_quote_format":"","ocean_quote_format_link":"post","ocean_gallery_link_images":"off","ocean_gallery_id":[],"footnotes":""},"categories":[2],"tags":[3873,4018,3797],"class_list":["post-18517","post","type-post","status-publish","format-standard","has-post-thumbnail","hentry","category-hirek","tag-dear-hu","tag-game-on-hu","tag-klimavaltozas","entry","has-media","owp-thumbs-layout-horizontal","owp-btn-normal","owp-tabs-layout-horizontal","has-no-thumbnails","has-product-nav"],"acf":[],"_links":{"self":[{"href":"https:\/\/milvus.ro\/hu\/wp-json\/wp\/v2\/posts\/18517","targetHints":{"allow":["GET"]}}],"collection":[{"href":"https:\/\/milvus.ro\/hu\/wp-json\/wp\/v2\/posts"}],"about":[{"href":"https:\/\/milvus.ro\/hu\/wp-json\/wp\/v2\/types\/post"}],"author":[{"embeddable":true,"href":"https:\/\/milvus.ro\/hu\/wp-json\/wp\/v2\/users\/3"}],"replies":[{"embeddable":true,"href":"https:\/\/milvus.ro\/hu\/wp-json\/wp\/v2\/comments?post=18517"}],"version-history":[{"count":2,"href":"https:\/\/milvus.ro\/hu\/wp-json\/wp\/v2\/posts\/18517\/revisions"}],"predecessor-version":[{"id":30128,"href":"https:\/\/milvus.ro\/hu\/wp-json\/wp\/v2\/posts\/18517\/revisions\/30128"}],"wp:featuredmedia":[{"embeddable":true,"href":"https:\/\/milvus.ro\/hu\/wp-json\/wp\/v2\/media\/21003"}],"wp:attachment":[{"href":"https:\/\/milvus.ro\/hu\/wp-json\/wp\/v2\/media?parent=18517"}],"wp:term":[{"taxonomy":"category","embeddable":true,"href":"https:\/\/milvus.ro\/hu\/wp-json\/wp\/v2\/categories?post=18517"},{"taxonomy":"post_tag","embeddable":true,"href":"https:\/\/milvus.ro\/hu\/wp-json\/wp\/v2\/tags?post=18517"}],"curies":[{"name":"wp","href":"https:\/\/api.w.org\/{rel}","templated":true}]}}