{"id":18513,"date":"2020-11-02T11:51:30","date_gmt":"2020-11-02T09:51:30","guid":{"rendered":"http:\/\/localhost\/birosagi-itelet-fuggeszti-fel-a-nagy-lilik-es-nyari-lud-vadaszatat\/"},"modified":"2021-05-25T18:03:44","modified_gmt":"2021-05-25T15:03:44","slug":"birosagi-itelet-fuggeszti-fel-a-nagy-lilik-es-nyari-lud-vadaszatat","status":"publish","type":"post","link":"https:\/\/milvus.ro\/hu\/birosagi-itelet-fuggeszti-fel-a-nagy-lilik-es-nyari-lud-vadaszatat\/","title":{"rendered":"B\u00edr\u00f3s\u00e1gi \u00edt\u00e9let f\u00fcggeszti fel a nagy lilik \u00e9s ny\u00e1ri l\u00fad vad\u00e1szat\u00e1t"},"content":{"rendered":"<p>A Milvus Csoport \u00fcdv\u00f6zli az <a href=\"https:\/\/asociatiaotus.wordpress.com\/about\/\">Otus Egyes\u00fclet<\/a> siker\u00e9t a term\u00e9szet\u00e9rt v\u00edvott k\u00fczdelemben:<\/p><p>A marosv\u00e1s\u00e1rhelyi \u00cdt\u00e9l\u0151t\u00e1bla okt\u00f3ber 28-\u00e1n hozott d\u00f6nt\u00e9se felf\u00fcggeszti k\u00e9t l\u00fad faj vad\u00e1szat\u00e1t, amelyekn\u00e9l a vad\u00e1szati kv\u00f3t\u00e1k aggaszt\u00f3an magasak voltak. Az \u00edt\u00e9let nem v\u00e9gleges, de a kihirdet\u00e9s pillanat\u00e1t\u00f3l v\u00e9grehajtand\u00f3.<\/p><p>Az \u00cdt\u00e9l\u0151t\u00e1bla elfogadta ezzel az <a href=\"https:\/\/asociatiaotus.wordpress.com\/about\/\">Otus Egyes\u00fclet<\/a> \u00e1ltal beny\u00fajtott k\u00e9r\u00e9st a K\u00f6rnyezetv\u00e9delmi Miniszt\u00e9rium hat\u00e1rozat\u00e1val szemben \u00e9s az 1400\/2020-as korm\u00e1nyhat\u00e1rozat r\u00e9szleges felf\u00fcggeszt\u00e9se mellett d\u00f6nt\u00f6tt. A dokumentum a vad\u00e1szhat\u00f3 fajok kil\u00f6v\u00e9si sz\u00e1mair\u00f3l rendelkezik a 2020 \u2013 2021 m\u00e1jus 14 id\u0151szakra, k\u00f6zt\u00fck a ny\u00e1ri l\u00fad (<em>Anser anser<\/em>) \u00e9s nagy lilik (<em>Anser albifrons<\/em>) kil\u00f6v\u00e9si kv\u00f3t\u00e1ir\u00f3l. A b\u00edr\u00f3s\u00e1g figyelembe vette a felf\u00fcggeszt\u00e9s hi\u00e1ny\u00e1ban felmer\u00fcl\u0151 vesz\u00e9lyeket \u00e9s a korm\u00e1nyhat\u00e1rozat kibocs\u00e1t\u00e1s\u00e1nak t\u00f6rv\u00e9nytelen elemeit.<\/p><figure class=\"wp-block-gallery columns-2 is-cropped wp-block-gallery-1 is-layout-flex wp-block-gallery-is-layout-flex\"><ul class=\"blocks-gallery-grid\"><li class=\"blocks-gallery-item\"><figure><a href=\"https:\/\/milvus.ro\/wp-content\/uploads\/2020\/11\/Vanatoarea-la-garlita-mare-si-gasca-de-vara-suspendat-1.jpg\"><img fetchpriority=\"high\" decoding=\"async\" width=\"1092\" height=\"728\" src=\"https:\/\/milvus.ro\/wp-content\/uploads\/2020\/11\/Vanatoarea-la-garlita-mare-si-gasca-de-vara-suspendat-1.jpg\" alt=\"\" data-id=\"20503\" class=\"wp-image-20987\" srcset=\"https:\/\/milvus.ro\/wp-content\/uploads\/2020\/11\/Vanatoarea-la-garlita-mare-si-gasca-de-vara-suspendat-1.jpg 1092w, https:\/\/milvus.ro\/wp-content\/uploads\/2020\/11\/Vanatoarea-la-garlita-mare-si-gasca-de-vara-suspendat-1-600x400.jpg 600w, https:\/\/milvus.ro\/wp-content\/uploads\/2020\/11\/Vanatoarea-la-garlita-mare-si-gasca-de-vara-suspendat-1-300x200.jpg 300w, https:\/\/milvus.ro\/wp-content\/uploads\/2020\/11\/Vanatoarea-la-garlita-mare-si-gasca-de-vara-suspendat-1-1024x683.jpg 1024w, https:\/\/milvus.ro\/wp-content\/uploads\/2020\/11\/Vanatoarea-la-garlita-mare-si-gasca-de-vara-suspendat-1-768x512.jpg 768w\" sizes=\"(max-width: 1092px) 100vw, 1092px\" \/><\/a><\/figure><\/li><li class=\"blocks-gallery-item\"><figure><a href=\"https:\/\/milvus.ro\/wp-content\/uploads\/2020\/11\/Vanatoarea-la-garlita-mare-si-gasca-de-vara-suspendat-2.jpg\"><img decoding=\"async\" width=\"1092\" height=\"728\" src=\"https:\/\/milvus.ro\/wp-content\/uploads\/2020\/11\/Vanatoarea-la-garlita-mare-si-gasca-de-vara-suspendat-2.jpg\" alt=\"\" data-id=\"20504\" class=\"wp-image-20989\" srcset=\"https:\/\/milvus.ro\/wp-content\/uploads\/2020\/11\/Vanatoarea-la-garlita-mare-si-gasca-de-vara-suspendat-2.jpg 1092w, https:\/\/milvus.ro\/wp-content\/uploads\/2020\/11\/Vanatoarea-la-garlita-mare-si-gasca-de-vara-suspendat-2-600x400.jpg 600w, https:\/\/milvus.ro\/wp-content\/uploads\/2020\/11\/Vanatoarea-la-garlita-mare-si-gasca-de-vara-suspendat-2-300x200.jpg 300w, https:\/\/milvus.ro\/wp-content\/uploads\/2020\/11\/Vanatoarea-la-garlita-mare-si-gasca-de-vara-suspendat-2-1024x683.jpg 1024w, https:\/\/milvus.ro\/wp-content\/uploads\/2020\/11\/Vanatoarea-la-garlita-mare-si-gasca-de-vara-suspendat-2-768x512.jpg 768w\" sizes=\"(max-width: 1092px) 100vw, 1092px\" \/><\/a><\/figure><\/li><li class=\"blocks-gallery-item\"><figure><a href=\"https:\/\/milvus.ro\/wp-content\/uploads\/2020\/11\/Vanatoarea-la-garlita-mare-si-gasca-de-vara-suspendat-3.jpg\"><img decoding=\"async\" width=\"1363\" height=\"545\" src=\"https:\/\/milvus.ro\/wp-content\/uploads\/2020\/11\/Vanatoarea-la-garlita-mare-si-gasca-de-vara-suspendat-3.jpg\" alt=\"\" data-id=\"20505\" class=\"wp-image-20991\" srcset=\"https:\/\/milvus.ro\/wp-content\/uploads\/2020\/11\/Vanatoarea-la-garlita-mare-si-gasca-de-vara-suspendat-3.jpg 1363w, https:\/\/milvus.ro\/wp-content\/uploads\/2020\/11\/Vanatoarea-la-garlita-mare-si-gasca-de-vara-suspendat-3-600x240.jpg 600w, https:\/\/milvus.ro\/wp-content\/uploads\/2020\/11\/Vanatoarea-la-garlita-mare-si-gasca-de-vara-suspendat-3-300x120.jpg 300w, https:\/\/milvus.ro\/wp-content\/uploads\/2020\/11\/Vanatoarea-la-garlita-mare-si-gasca-de-vara-suspendat-3-1024x409.jpg 1024w, https:\/\/milvus.ro\/wp-content\/uploads\/2020\/11\/Vanatoarea-la-garlita-mare-si-gasca-de-vara-suspendat-3-768x307.jpg 768w\" sizes=\"(max-width: 1363px) 100vw, 1363px\" \/><\/a><\/figure><\/li><\/ul><\/figure><p>A rom\u00e1n \u00e1llam k\u00e9ptelen volt azt biztos\u00edtani, hogy a vad\u00e1szat ne vesz\u00e9lyeztesse a vadon \u00e9l\u0151 madarak \u00e1llom\u00e1nyait, minden eur\u00f3pai tag\u00e1llam k\u00f6z\u00f6s \u00f6r\u00f6ks\u00e9g\u00e9t. A vad\u00e1szati kv\u00f3t\u00e1k meg\u00e1llap\u00edt\u00e1sakor nem tartotta be az 79\/409\/EC Ir\u00e1nyelv el\u0151\u00edr\u00e1sait, amely a vadon \u00e9l\u0151 madarak v\u00e9delm\u00e9r\u0151l rendelkezik.<\/p><p>A rom\u00e1n \u00e1llam kudarcot vallott annak biztos\u00edt\u00e1s\u00e1ban is, hogy a vad\u00e1szat ne vesz\u00e9lyeztesse \u00fagy a vad\u00e1szhat\u00f3, mint a vad\u00e1szati tilalom al\u00e1 es\u0151 mad\u00e1rfajok v\u00e9delm\u00e9t. A vonul\u00f3 fajok eset\u00e9ben a vonul\u00e1s vagy telel\u00e9s k\u00f6zben v\u00e9gzett t\u00falzott vad\u00e1szat ugyanis teljesen hi\u00e1baval\u00f3v\u00e1 teheti az Eur\u00f3pa m\u00e1s orsz\u00e1gaiban megval\u00f3s\u00edtott v\u00e9delmi int\u00e9zked\u00e9seket.<\/p><p>A K\u00f6rnyezetv\u00e9delmi Miniszt\u00e9rium egy olyan, t\u00f6bb mint 50000-es egyedsz\u00e1m kil\u00f6v\u00e9s\u00e9t enged\u00e9lyez\u0151 vad\u00e1szati kv\u00f3t\u00e1t hagyott j\u00f3v\u00e1, amely a nagy lilik (<em>Anser anser<\/em>) glob\u00e1lis \u00e1llom\u00e1ny\u00e1nak 5%-\u00e1t, hazai \u00e1llom\u00e1ny 33%-\u00e1t jelenti. Rom\u00e1nia 2013-ban 150000-280000 egyed k\u00f6z\u00f6tt becs\u00fclte \u00e9s jelentette a nagy lilik hazai \u00e1llom\u00e1ny\u00e1t. A ny\u00e1ri l\u00fad (Anser anser) eset\u00e9ben a helyzet enn\u00e9l is aggaszt\u00f3bb. A rom\u00e1n hat\u00f3s\u00e1gok mintegy 14000 egyed kil\u00f6v\u00e9s\u00e9t enged\u00e9lyezt\u00e9k, mik\u00f6zben az orsz\u00e1gos \u00e1llom\u00e1nyt 10000-25000 egyedre becs\u00fclt\u00e9k. A vad\u00e1szat felf\u00fcggeszt\u00e9se n\u00e9lk\u00fcl a hazai ny\u00e1ri l\u00fad \u00e1llom\u00e1nyokat jelent\u0151s vesztes\u00e9g \u00e9rte volna.<\/p><p>\u201e<em>Rom\u00e1ni\u00e1nak kulcsfontoss\u00e1g\u00fa szerepe van v\u00f6r\u00f6snyak\u00fa l\u00fad (Branta ruficollis) v\u00e9delm\u00e9ben, hiszen a glob\u00e1lis \u00e1llom\u00e1ny k\u00f6zel fele n\u00e1lunk t\u00f6lti a telet. Ezek a madarak nagy lilikekkel alkotnak k\u00f6z\u00f6s csapatokat, \u00edgy a nem megfelel\u0151en szervezett vad\u00e1szat a vil\u00e1g egyik legritk\u00e1bb l\u00fadfaj\u00e1nak l\u00e9t\u00e9t vesz\u00e9lyezteti<\/em>\u201d &#8211; nyilatkozta Emil Todorov, <a href=\"https:\/\/www.sor.ro\/\">Rom\u00e1n Mad\u00e1rtani Egyes\u00fclet<\/a> szak\u00e9rt\u0151je.<\/p><p>Az Otus Egyes\u00fclet arra inti K\u00f6rnyezetv\u00e9delmi Miniszt\u00e9riumot, hogy azonnal vonja vissza a 1400\/2020-es rendeletet \u00e9s \u00fclj\u00f6n le a szakmai \u00e9s civil egyes\u00fcletek hozz\u00e1\u00e9rt\u0151ivel t\u00e1rgyalni a vad\u00e1szati kv\u00f3t\u00e1k meg\u00e1llap\u00edt\u00e1s\u00e1r\u00f3l \u00e9s a vad\u00e1szat szervez\u00e9s\u00e9r\u0151l, olyan m\u00f3dszertanok alapj\u00e1n amelyek tudom\u00e1nyos \u00e9rvekre \u00e9s vil\u00e1gos szab\u00e1lyokra \u00e9p\u00fclnek.<br>Szab\u00f3 Andreea \u00fcgyv\u00e9d, az Otus Egyes\u00fclet k\u00e9pvisel\u0151je \u00fagy gondolja, hogy \u201e<em>ez az \u00edt\u00e9let a civil k\u00f6z\u00f6ss\u00e9g \u00fajabb sikere, ami jelzi a nem-korm\u00e1nyzati szervezetek szakmai \u00e9retts\u00e9g\u00e9t \u00e9s felk\u00e9sz\u00fclts\u00e9g\u00e9t valamint a b\u00edr\u00f3s\u00e1gok \u00e9retts\u00e9g\u00e9t, hiszen elismerik ezen szervezetek szak\u00e9rtelm\u00e9t, amivel v\u00e9deni pr\u00f3b\u00e1lj\u00e1k az eg\u00e9szs\u00e9ges \u00e9s \u00f6kol\u00f3giailag kiegyens\u00falyozott k\u00f6rnyezethez val\u00f3 alkotm\u00e1nyos jogunkat<\/em>\u201d.<\/p><p>Papp Tam\u00e1s, a \u201eMilvus Csoport\u201d Egyes\u00fclet eln\u00f6ke: \u201e<em>M\u00e1r a m\u00e1sodik rom\u00e1niai b\u00edr\u00f3s\u00e1g \u00e1llap\u00edtja meg, hogy a vonul\u00f3 fajok (jelen esetben a ludak) vad\u00e1szati kv\u00f3t\u00e1inak meg\u00e1llap\u00edt\u00e1s\u00e1t nem tudom\u00e1nyos adatokra alapozt\u00e1k \u00e9s \u00edgy vesz\u00e9lyeztetik a madarak popul\u00e1ci\u00f3it. Egyes\u00fclet\u00fcnk ezt t\u00f6bbsz\u00f6r is sz\u00f3v\u00e1 tette. \u00d6r\u00fcl\u00fcnk ennek a d\u00f6nt\u00e9snek, f\u0151leg annak hogy a ludaknak lesz v\u00e9gre egy zavar\u00e1st\u00f3l mentes vonul\u00e1si \u00e9s telel\u00e9si id\u0151szakuk. Rem\u00e9lj\u00fck hogy ezek az \u00edt\u00e9letek egy olyan j\u00f6v\u0151be vezetnek, ahol a vad\u00e1szati szab\u00e1lyok meghat\u00e1roz\u00e1s\u00e1n\u00e1l Rom\u00e1niai term\u00e9szeti \u00e9rt\u00e9kei jelentik a priorit\u00e1st \u00e9s nem egyes k\u00f6r\u00f6k pillanatnyi p\u00e9nz\u00fcgyi \u00e9rdekei.<\/em>\u201d<\/p><p>A Natura 2000 Koal\u00edci\u00f3 k\u00f6zlem\u00e9nye, Dan Trifu, eln\u00f6k<\/p>","protected":false},"excerpt":{"rendered":"A Milvus Csoport \u00fcdv\u00f6zli az Otus Egyes\u00fclet siker\u00e9t a term\u00e9szet\u00e9rt v\u00edvott k\u00fczdelemben:A marosv\u00e1s\u00e1rhelyi \u00cdt\u00e9l\u0151t\u00e1bla okt\u00f3ber 28-\u00e1n hozott d\u00f6nt\u00e9se felf\u00fcggeszti k\u00e9t l\u00fad faj vad\u00e1szat\u00e1t, amelyekn\u00e9l a vad\u00e1szati kv\u00f3t\u00e1k aggaszt\u00f3an magasak voltak. Az \u00edt\u00e9let nem v\u00e9gleges, de a kihirdet\u00e9s pillanat\u00e1t\u00f3l v\u00e9grehajtand\u00f3.Az \u00cdt\u00e9l\u0151t\u00e1bla elfogadta ezzel az Otus Egyes\u00fclet \u00e1ltal beny\u00fajtott k\u00e9r\u00e9st a K\u00f6rnyezetv\u00e9delmi Miniszt\u00e9rium hat\u00e1rozat\u00e1val szemben \u00e9s az [&hellip;]","protected":false},"author":3,"featured_media":20987,"comment_status":"open","ping_status":"open","sticky":false,"template":"","format":"standard","meta":{"_acf_changed":false,"_eb_attr":"","ocean_post_layout":"","ocean_both_sidebars_style":"","ocean_both_sidebars_content_width":0,"ocean_both_sidebars_sidebars_width":0,"ocean_sidebar":"0","ocean_second_sidebar":"0","ocean_disable_margins":"enable","ocean_add_body_class":"","ocean_shortcode_before_top_bar":"","ocean_shortcode_after_top_bar":"","ocean_shortcode_before_header":"","ocean_shortcode_after_header":"","ocean_has_shortcode":"","ocean_shortcode_after_title":"","ocean_shortcode_before_footer_widgets":"","ocean_shortcode_after_footer_widgets":"","ocean_shortcode_before_footer_bottom":"","ocean_shortcode_after_footer_bottom":"","ocean_display_top_bar":"default","ocean_display_header":"default","ocean_header_style":"","ocean_center_header_left_menu":"0","ocean_custom_header_template":"0","ocean_custom_logo":0,"ocean_custom_retina_logo":0,"ocean_custom_logo_max_width":0,"ocean_custom_logo_tablet_max_width":0,"ocean_custom_logo_mobile_max_width":0,"ocean_custom_logo_max_height":0,"ocean_custom_logo_tablet_max_height":0,"ocean_custom_logo_mobile_max_height":0,"ocean_header_custom_menu":"0","ocean_menu_typo_font_family":"0","ocean_menu_typo_font_subset":"","ocean_menu_typo_font_size":0,"ocean_menu_typo_font_size_tablet":0,"ocean_menu_typo_font_size_mobile":0,"ocean_menu_typo_font_size_unit":"px","ocean_menu_typo_font_weight":"","ocean_menu_typo_font_weight_tablet":"","ocean_menu_typo_font_weight_mobile":"","ocean_menu_typo_transform":"","ocean_menu_typo_transform_tablet":"","ocean_menu_typo_transform_mobile":"","ocean_menu_typo_line_height":0,"ocean_menu_typo_line_height_tablet":0,"ocean_menu_typo_line_height_mobile":0,"ocean_menu_typo_line_height_unit":"","ocean_menu_typo_spacing":0,"ocean_menu_typo_spacing_tablet":0,"ocean_menu_typo_spacing_mobile":0,"ocean_menu_typo_spacing_unit":"","ocean_menu_link_color":"","ocean_menu_link_color_hover":"","ocean_menu_link_color_active":"","ocean_menu_link_background":"","ocean_menu_link_hover_background":"","ocean_menu_link_active_background":"","ocean_menu_social_links_bg":"","ocean_menu_social_hover_links_bg":"","ocean_menu_social_links_color":"","ocean_menu_social_hover_links_color":"","ocean_disable_title":"default","ocean_disable_heading":"default","ocean_post_title":"","ocean_post_subheading":"","ocean_post_title_style":"","ocean_post_title_background_color":"","ocean_post_title_background":0,"ocean_post_title_bg_image_position":"","ocean_post_title_bg_image_attachment":"","ocean_post_title_bg_image_repeat":"","ocean_post_title_bg_image_size":"","ocean_post_title_height":0,"ocean_post_title_bg_overlay":0.5,"ocean_post_title_bg_overlay_color":"","ocean_disable_breadcrumbs":"default","ocean_breadcrumbs_color":"","ocean_breadcrumbs_separator_color":"","ocean_breadcrumbs_links_color":"","ocean_breadcrumbs_links_hover_color":"","ocean_display_footer_widgets":"default","ocean_display_footer_bottom":"default","ocean_custom_footer_template":"0","omw_enable_modal_window":"enable","osh_disable_topbar_sticky":"default","osh_disable_header_sticky":"default","osh_sticky_header_style":"default","osh_sticky_header_effect":"","osh_custom_sticky_logo":0,"osh_custom_retina_sticky_logo":0,"osh_custom_sticky_logo_height":0,"osh_background_color":"","osh_links_color":"","osh_links_hover_color":"","osh_links_active_color":"","osh_links_bg_color":"","osh_links_hover_bg_color":"","osh_links_active_bg_color":"","osh_menu_social_links_color":"","osh_menu_social_hover_links_color":"","ocean_post_oembed":"","ocean_post_self_hosted_media":"","ocean_post_video_embed":"","ocean_link_format":"","ocean_link_format_target":"self","ocean_quote_format":"","ocean_quote_format_link":"post","ocean_gallery_link_images":"off","ocean_gallery_id":[],"footnotes":""},"categories":[2],"tags":[3671,4316],"class_list":["post-18513","post","type-post","status-publish","format-standard","has-post-thumbnail","hentry","category-hirek","tag-biodiverzitas","tag-policy-hu","entry","has-media","owp-thumbs-layout-horizontal","owp-btn-normal","owp-tabs-layout-horizontal","has-no-thumbnails","has-product-nav"],"acf":[],"_links":{"self":[{"href":"https:\/\/milvus.ro\/hu\/wp-json\/wp\/v2\/posts\/18513","targetHints":{"allow":["GET"]}}],"collection":[{"href":"https:\/\/milvus.ro\/hu\/wp-json\/wp\/v2\/posts"}],"about":[{"href":"https:\/\/milvus.ro\/hu\/wp-json\/wp\/v2\/types\/post"}],"author":[{"embeddable":true,"href":"https:\/\/milvus.ro\/hu\/wp-json\/wp\/v2\/users\/3"}],"replies":[{"embeddable":true,"href":"https:\/\/milvus.ro\/hu\/wp-json\/wp\/v2\/comments?post=18513"}],"version-history":[{"count":2,"href":"https:\/\/milvus.ro\/hu\/wp-json\/wp\/v2\/posts\/18513\/revisions"}],"predecessor-version":[{"id":30134,"href":"https:\/\/milvus.ro\/hu\/wp-json\/wp\/v2\/posts\/18513\/revisions\/30134"}],"wp:featuredmedia":[{"embeddable":true,"href":"https:\/\/milvus.ro\/hu\/wp-json\/wp\/v2\/media\/20987"}],"wp:attachment":[{"href":"https:\/\/milvus.ro\/hu\/wp-json\/wp\/v2\/media?parent=18513"}],"wp:term":[{"taxonomy":"category","embeddable":true,"href":"https:\/\/milvus.ro\/hu\/wp-json\/wp\/v2\/categories?post=18513"},{"taxonomy":"post_tag","embeddable":true,"href":"https:\/\/milvus.ro\/hu\/wp-json\/wp\/v2\/tags?post=18513"}],"curies":[{"name":"wp","href":"https:\/\/api.w.org\/{rel}","templated":true}]}}