{"id":16830,"date":"2020-04-14T16:01:07","date_gmt":"2020-04-14T13:01:07","guid":{"rendered":"http:\/\/localhost\/ismet-baratkeselyuk-latogattak-romaniaba\/"},"modified":"2021-05-26T14:13:04","modified_gmt":"2021-05-26T11:13:04","slug":"ismet-baratkeselyuk-latogattak-romaniaba","status":"publish","type":"post","link":"https:\/\/milvus.ro\/hu\/ismet-baratkeselyuk-latogattak-romaniaba\/","title":{"rendered":"Ism\u00e9t bar\u00e1tkesely\u0171k l\u00e1togattak Rom\u00e1ni\u00e1ba"},"content":{"rendered":"<div class=\"wp-block-image\"><figure class=\"alignleft size-medium\"><a href=\"https:\/\/milvus.ro\/wp-content\/uploads\/2020\/04\/O-noua-vizita-a-vulturilor-negri-in-Romania-2-scaled-1.jpg\"><img fetchpriority=\"high\" decoding=\"async\" width=\"300\" height=\"225\" src=\"https:\/\/milvus.ro\/wp-content\/uploads\/2020\/04\/O-noua-vizita-a-vulturilor-negri-in-Romania-2-scaled-1-300x225.jpg\" alt=\"\" class=\"wp-image-20721\" srcset=\"https:\/\/milvus.ro\/wp-content\/uploads\/2020\/04\/O-noua-vizita-a-vulturilor-negri-in-Romania-2-scaled-1-300x225.jpg 300w, https:\/\/milvus.ro\/wp-content\/uploads\/2020\/04\/O-noua-vizita-a-vulturilor-negri-in-Romania-2-scaled-1-600x450.jpg 600w, https:\/\/milvus.ro\/wp-content\/uploads\/2020\/04\/O-noua-vizita-a-vulturilor-negri-in-Romania-2-scaled-1-1024x768.jpg 1024w, https:\/\/milvus.ro\/wp-content\/uploads\/2020\/04\/O-noua-vizita-a-vulturilor-negri-in-Romania-2-scaled-1-768x576.jpg 768w, https:\/\/milvus.ro\/wp-content\/uploads\/2020\/04\/O-noua-vizita-a-vulturilor-negri-in-Romania-2-scaled-1-1536x1152.jpg 1536w, https:\/\/milvus.ro\/wp-content\/uploads\/2020\/04\/O-noua-vizita-a-vulturilor-negri-in-Romania-2-scaled-1-2048x1536.jpg 2048w\" sizes=\"(max-width: 300px) 100vw, 300px\" \/><\/a><figcaption>Federation of Nature Conservation NGO&#8217;s\nGREEN BALKANS\n<\/figcaption><\/figure><\/div><p>Sliven, Huana \u00e9s Kutelka \u00fagy hat\u00e1rozt\u00e1k hogy \u00fajabb ter\u00fcleteket fedeznek fel \u00e9s berep\u00fcltek a Domogled-Cserna v\u00f6lgy Nemzeti Park ter\u00fclet\u00e9re \u00e9s Erd\u00e9lybe.<br>El\u0151tte val\u00f3 napokban a Sliven nev\u0171 mad\u00e1r, melyet a Green Balkans szervezet munkat\u00e1rsai bocs\u00e1tottak szabadon, t\u00f6bb napon kereszt\u00fcl k\u00f3borolt Hunyad, Gorzs \u00e9s Olt megy\u00e9kben.<br>Sliven mozg\u00e1s\u00e1nak pontos koordin\u00e1t\u00e1it egy m\u0171holdas jelad\u00f3 k\u00f6zvet\u00edti, amelyet egy LIFE projekt (Bright Future for Black Vulture LIFE14 NAT\/BG\/649) keret\u00e9ben er\u0151s\u00edtettek a h\u00e1t\u00e1ra. Aki k\u00f6vetni k\u00edv\u00e1nja a mad\u00e1r \u00fatj\u00e1t, <a href=\"https:\/\/greenbalkans.org\/VulturesBack\/en\/\">megteheti a szervezet honlapj\u00e1n<\/a>.<br>Ez a bar\u00e1tkesely\u0171 a vadonban sz\u00fcletett, felthet\u0151en 2017-ben, Spanyolorsz\u00e1gban. Ment\u00e9sre szorult, majd Extramadura tartom\u00e1ny korm\u00e1nyzata a bolg\u00e1r kesely\u0171 visszatelep\u00edt\u00e9si programj\u00e1nak adom\u00e1nyozta. A Green Balkans munkat\u00e1rsai a tavaly m\u00e1jus v\u00e9g\u00e9n engedt\u00e9k szabadon a Balk\u00e1n-hegys\u00e9gben, Kotel v\u00e1rosa k\u00f6zel\u00e9ben.<br>Nem az els\u0151 eset, hogy bar\u00e1tkesely\u0171k ker\u00fclnek a Dun\u00e1t\u00f3l \u00e9szakra. Tavaly k\u00e9t bar\u00e1tkesely\u0171t kellett menteni \u00e9s \u00e1tadni a bolg\u00e1r koll\u00e9g\u00e1knak: egyik\u00fcket a Biol\u00f3giai Sokf\u00e9les\u00e9g Meg\u0151rz\u00e9s\u00e9\u00e9rt Egyes\u00fclet (ACDB) m\u00e1sikat a Milvus Csoport k\u00f6zrem\u0171k\u00f6d\u00e9s\u00e9vel. <a href=\"https:\/\/milvus.ro\/vulturii-negri-doar-intr-o-scurta-vizita-in-romania\/\">A Juan nevet visel\u0151 kesely\u0171 t\u00f6rt\u00e9net\u00e9r\u0151l b\u0151vebben itt&nbsp; sz\u00e1moltunk be<\/a>.<\/p><figure class=\"wp-block-gallery alignwide columns-2 is-cropped wp-block-gallery-1 is-layout-flex wp-block-gallery-is-layout-flex\"><ul class=\"blocks-gallery-grid\"><li class=\"blocks-gallery-item\"><figure><a href=\"https:\/\/milvus.ro\/wp-content\/uploads\/2020\/04\/O-noua-vizita-a-vulturilor-negri-in-Romania-2.png\"><img decoding=\"async\" width=\"1024\" height=\"473\" src=\"https:\/\/milvus.ro\/wp-content\/uploads\/2020\/04\/O-noua-vizita-a-vulturilor-negri-in-Romania-2-1024x473.png\" alt=\"\" data-id=\"21347\" data-full-url=\"https:\/\/milvus.ro\/wp-content\/uploads\/2020\/04\/O-noua-vizita-a-vulturilor-negri-in-Romania-2.png\" data-link=\"https:\/\/milvus.ro\/hu\/o-noua-vizita-a-vulturilor-negri-in-romania-2-2-2\/\" class=\"wp-image-21347\" srcset=\"https:\/\/milvus.ro\/wp-content\/uploads\/2020\/04\/O-noua-vizita-a-vulturilor-negri-in-Romania-2-1024x473.png 1024w, https:\/\/milvus.ro\/wp-content\/uploads\/2020\/04\/O-noua-vizita-a-vulturilor-negri-in-Romania-2-600x277.png 600w, https:\/\/milvus.ro\/wp-content\/uploads\/2020\/04\/O-noua-vizita-a-vulturilor-negri-in-Romania-2-300x139.png 300w, https:\/\/milvus.ro\/wp-content\/uploads\/2020\/04\/O-noua-vizita-a-vulturilor-negri-in-Romania-2-768x355.png 768w, https:\/\/milvus.ro\/wp-content\/uploads\/2020\/04\/O-noua-vizita-a-vulturilor-negri-in-Romania-2-1536x709.png 1536w, https:\/\/milvus.ro\/wp-content\/uploads\/2020\/04\/O-noua-vizita-a-vulturilor-negri-in-Romania-2-2048x946.png 2048w\" sizes=\"(max-width: 1024px) 100vw, 1024px\" \/><\/a><figcaption class=\"blocks-gallery-item__caption\">Federation of Nature Conservation NGO&#8217;s\nGREEN BALKANS\n<\/figcaption><\/figure><\/li><li class=\"blocks-gallery-item\"><figure><a href=\"https:\/\/milvus.ro\/wp-content\/uploads\/2020\/04\/O-noua-vizita-a-vulturilor-negri-in-Romania-3-scaled-1.jpg\"><img decoding=\"async\" width=\"1024\" height=\"768\" src=\"https:\/\/milvus.ro\/wp-content\/uploads\/2020\/04\/O-noua-vizita-a-vulturilor-negri-in-Romania-3-scaled-1-1024x768.jpg\" alt=\"\" data-id=\"21349\" data-full-url=\"https:\/\/milvus.ro\/wp-content\/uploads\/2020\/04\/O-noua-vizita-a-vulturilor-negri-in-Romania-3-scaled-1.jpg\" data-link=\"https:\/\/milvus.ro\/hu\/o-noua-vizita-a-vulturilor-negri-in-romania-3-2\/\" class=\"wp-image-21349\" srcset=\"https:\/\/milvus.ro\/wp-content\/uploads\/2020\/04\/O-noua-vizita-a-vulturilor-negri-in-Romania-3-scaled-1-1024x768.jpg 1024w, https:\/\/milvus.ro\/wp-content\/uploads\/2020\/04\/O-noua-vizita-a-vulturilor-negri-in-Romania-3-scaled-1-600x450.jpg 600w, https:\/\/milvus.ro\/wp-content\/uploads\/2020\/04\/O-noua-vizita-a-vulturilor-negri-in-Romania-3-scaled-1-300x225.jpg 300w, https:\/\/milvus.ro\/wp-content\/uploads\/2020\/04\/O-noua-vizita-a-vulturilor-negri-in-Romania-3-scaled-1-768x576.jpg 768w, https:\/\/milvus.ro\/wp-content\/uploads\/2020\/04\/O-noua-vizita-a-vulturilor-negri-in-Romania-3-scaled-1-1536x1152.jpg 1536w, https:\/\/milvus.ro\/wp-content\/uploads\/2020\/04\/O-noua-vizita-a-vulturilor-negri-in-Romania-3-scaled-1-2048x1536.jpg 2048w\" sizes=\"(max-width: 1024px) 100vw, 1024px\" \/><\/a><figcaption class=\"blocks-gallery-item__caption\">Federation of Nature Conservation NGO&#8217;s GREEN BALKANS<\/figcaption><\/figure><\/li><li class=\"blocks-gallery-item\"><figure><a href=\"https:\/\/milvus.ro\/wp-content\/uploads\/2020\/04\/O-noua-vizita-a-vulturilor-negri-in-Romania-1.png\"><img loading=\"lazy\" decoding=\"async\" width=\"1024\" height=\"473\" src=\"https:\/\/milvus.ro\/wp-content\/uploads\/2020\/04\/O-noua-vizita-a-vulturilor-negri-in-Romania-1-1024x473.png\" alt=\"\" data-id=\"21345\" data-full-url=\"https:\/\/milvus.ro\/wp-content\/uploads\/2020\/04\/O-noua-vizita-a-vulturilor-negri-in-Romania-1.png\" data-link=\"https:\/\/milvus.ro\/hu\/o-noua-vizita-a-vulturilor-negri-in-romania-1-2-2\/\" class=\"wp-image-21345\" srcset=\"https:\/\/milvus.ro\/wp-content\/uploads\/2020\/04\/O-noua-vizita-a-vulturilor-negri-in-Romania-1-1024x473.png 1024w, https:\/\/milvus.ro\/wp-content\/uploads\/2020\/04\/O-noua-vizita-a-vulturilor-negri-in-Romania-1-600x277.png 600w, https:\/\/milvus.ro\/wp-content\/uploads\/2020\/04\/O-noua-vizita-a-vulturilor-negri-in-Romania-1-300x139.png 300w, https:\/\/milvus.ro\/wp-content\/uploads\/2020\/04\/O-noua-vizita-a-vulturilor-negri-in-Romania-1-768x355.png 768w, https:\/\/milvus.ro\/wp-content\/uploads\/2020\/04\/O-noua-vizita-a-vulturilor-negri-in-Romania-1-1536x709.png 1536w, https:\/\/milvus.ro\/wp-content\/uploads\/2020\/04\/O-noua-vizita-a-vulturilor-negri-in-Romania-1-2048x946.png 2048w\" sizes=\"(max-width: 1024px) 100vw, 1024px\" \/><\/a><figcaption class=\"blocks-gallery-item__caption\">Federation of Nature Conservation NGO&#8217;s\nGREEN BALKANS\n<\/figcaption><\/figure><\/li><li class=\"blocks-gallery-item\"><figure><a href=\"https:\/\/milvus.ro\/wp-content\/uploads\/2020\/04\/O-noua-vizita-a-vulturilor-negri-in-Romania-1-scaled-1.jpg\"><img loading=\"lazy\" decoding=\"async\" width=\"1024\" height=\"768\" src=\"https:\/\/milvus.ro\/wp-content\/uploads\/2020\/04\/O-noua-vizita-a-vulturilor-negri-in-Romania-1-scaled-1-1024x768.jpg\" alt=\"\" data-id=\"21343\" data-full-url=\"https:\/\/milvus.ro\/wp-content\/uploads\/2020\/04\/O-noua-vizita-a-vulturilor-negri-in-Romania-1-scaled-1.jpg\" data-link=\"https:\/\/milvus.ro\/hu\/o-noua-vizita-a-vulturilor-negri-in-romania-1-3\/\" class=\"wp-image-21343\" srcset=\"https:\/\/milvus.ro\/wp-content\/uploads\/2020\/04\/O-noua-vizita-a-vulturilor-negri-in-Romania-1-scaled-1-1024x768.jpg 1024w, https:\/\/milvus.ro\/wp-content\/uploads\/2020\/04\/O-noua-vizita-a-vulturilor-negri-in-Romania-1-scaled-1-600x450.jpg 600w, https:\/\/milvus.ro\/wp-content\/uploads\/2020\/04\/O-noua-vizita-a-vulturilor-negri-in-Romania-1-scaled-1-300x225.jpg 300w, https:\/\/milvus.ro\/wp-content\/uploads\/2020\/04\/O-noua-vizita-a-vulturilor-negri-in-Romania-1-scaled-1-768x576.jpg 768w, https:\/\/milvus.ro\/wp-content\/uploads\/2020\/04\/O-noua-vizita-a-vulturilor-negri-in-Romania-1-scaled-1-1536x1152.jpg 1536w, https:\/\/milvus.ro\/wp-content\/uploads\/2020\/04\/O-noua-vizita-a-vulturilor-negri-in-Romania-1-scaled-1-2048x1536.jpg 2048w\" sizes=\"(max-width: 1024px) 100vw, 1024px\" \/><\/a><figcaption class=\"blocks-gallery-item__caption\">Federation of Nature Conservation NGO&#8217;s GREEN BALKANS<\/figcaption><\/figure><\/li><\/ul><\/figure><p>A bar\u00e1tkesely\u0171 egyike a ma \u00e9l\u0151 legnagyobb ragadoz\u00f3mad\u00e1r fajoknak. Valamikor n\u00e1lunk is \u00e9lt, de kipusztult. A bolg\u00e1r koll\u00e9g\u00e1k visszatelep\u00edt\u00e9si k\u00eds\u00e9rlet\u00e9nek nagyon \u00f6r\u00fcl\u00fcnk \u00e9s rem\u00e9lj\u00fck egy napon Rom\u00e1nia eg\u00e9n is rendszeres l\u00e1tv\u00e1nny\u00e1 v\u00e1lik e nagyszer\u0171 madarak sziluettje.<\/p>","protected":false},"excerpt":{"rendered":"Sliven, Huana \u00e9s Kutelka \u00fagy hat\u00e1rozt\u00e1k hogy \u00fajabb ter\u00fcleteket fedeznek fel \u00e9s berep\u00fcltek a Domogled-Cserna v\u00f6lgy Nemzeti Park ter\u00fclet\u00e9re \u00e9s Erd\u00e9lybe.El\u0151tte val\u00f3 napokban a Sliven nev\u0171 mad\u00e1r, melyet a Green Balkans szervezet munkat\u00e1rsai bocs\u00e1tottak szabadon, t\u00f6bb napon kereszt\u00fcl k\u00f3borolt Hunyad, Gorzs \u00e9s Olt megy\u00e9kben.Sliven mozg\u00e1s\u00e1nak pontos koordin\u00e1t\u00e1it egy m\u0171holdas jelad\u00f3 k\u00f6zvet\u00edti, amelyet egy LIFE projekt [&hellip;]","protected":false},"author":3,"featured_media":20721,"comment_status":"open","ping_status":"open","sticky":false,"template":"","format":"standard","meta":{"_acf_changed":false,"_eb_attr":"","ocean_post_layout":"","ocean_both_sidebars_style":"","ocean_both_sidebars_content_width":0,"ocean_both_sidebars_sidebars_width":0,"ocean_sidebar":"0","ocean_second_sidebar":"0","ocean_disable_margins":"enable","ocean_add_body_class":"","ocean_shortcode_before_top_bar":"","ocean_shortcode_after_top_bar":"","ocean_shortcode_before_header":"","ocean_shortcode_after_header":"","ocean_has_shortcode":"","ocean_shortcode_after_title":"","ocean_shortcode_before_footer_widgets":"","ocean_shortcode_after_footer_widgets":"","ocean_shortcode_before_footer_bottom":"","ocean_shortcode_after_footer_bottom":"","ocean_display_top_bar":"default","ocean_display_header":"default","ocean_header_style":"","ocean_center_header_left_menu":"0","ocean_custom_header_template":"0","ocean_custom_logo":0,"ocean_custom_retina_logo":0,"ocean_custom_logo_max_width":0,"ocean_custom_logo_tablet_max_width":0,"ocean_custom_logo_mobile_max_width":0,"ocean_custom_logo_max_height":0,"ocean_custom_logo_tablet_max_height":0,"ocean_custom_logo_mobile_max_height":0,"ocean_header_custom_menu":"0","ocean_menu_typo_font_family":"0","ocean_menu_typo_font_subset":"","ocean_menu_typo_font_size":0,"ocean_menu_typo_font_size_tablet":0,"ocean_menu_typo_font_size_mobile":0,"ocean_menu_typo_font_size_unit":"px","ocean_menu_typo_font_weight":"","ocean_menu_typo_font_weight_tablet":"","ocean_menu_typo_font_weight_mobile":"","ocean_menu_typo_transform":"","ocean_menu_typo_transform_tablet":"","ocean_menu_typo_transform_mobile":"","ocean_menu_typo_line_height":0,"ocean_menu_typo_line_height_tablet":0,"ocean_menu_typo_line_height_mobile":0,"ocean_menu_typo_line_height_unit":"","ocean_menu_typo_spacing":0,"ocean_menu_typo_spacing_tablet":0,"ocean_menu_typo_spacing_mobile":0,"ocean_menu_typo_spacing_unit":"","ocean_menu_link_color":"","ocean_menu_link_color_hover":"","ocean_menu_link_color_active":"","ocean_menu_link_background":"","ocean_menu_link_hover_background":"","ocean_menu_link_active_background":"","ocean_menu_social_links_bg":"","ocean_menu_social_hover_links_bg":"","ocean_menu_social_links_color":"","ocean_menu_social_hover_links_color":"","ocean_disable_title":"default","ocean_disable_heading":"default","ocean_post_title":"","ocean_post_subheading":"","ocean_post_title_style":"","ocean_post_title_background_color":"","ocean_post_title_background":0,"ocean_post_title_bg_image_position":"","ocean_post_title_bg_image_attachment":"","ocean_post_title_bg_image_repeat":"","ocean_post_title_bg_image_size":"","ocean_post_title_height":0,"ocean_post_title_bg_overlay":0.5,"ocean_post_title_bg_overlay_color":"","ocean_disable_breadcrumbs":"default","ocean_breadcrumbs_color":"","ocean_breadcrumbs_separator_color":"","ocean_breadcrumbs_links_color":"","ocean_breadcrumbs_links_hover_color":"","ocean_display_footer_widgets":"default","ocean_display_footer_bottom":"default","ocean_custom_footer_template":"0","omw_enable_modal_window":"enable","osh_disable_topbar_sticky":"default","osh_disable_header_sticky":"default","osh_sticky_header_style":"default","osh_sticky_header_effect":"","osh_custom_sticky_logo":0,"osh_custom_retina_sticky_logo":0,"osh_custom_sticky_logo_height":0,"osh_background_color":"","osh_links_color":"","osh_links_hover_color":"","osh_links_active_color":"","osh_links_bg_color":"","osh_links_hover_bg_color":"","osh_links_active_bg_color":"","osh_menu_social_links_color":"","osh_menu_social_hover_links_color":"","ocean_post_oembed":"","ocean_post_self_hosted_media":"","ocean_post_video_embed":"","ocean_link_format":"","ocean_link_format_target":"self","ocean_quote_format":"","ocean_quote_format_link":"post","ocean_gallery_link_images":"off","ocean_gallery_id":[],"footnotes":""},"categories":[2],"tags":[3565,3645,4031],"class_list":["post-16830","post","type-post","status-publish","format-standard","has-post-thumbnail","hentry","category-hirek","tag-aegypius-monachus-hu","tag-baratkeselyu","tag-green-balkans-hu","entry","has-media","owp-thumbs-layout-horizontal","owp-btn-normal","owp-tabs-layout-horizontal","has-no-thumbnails","has-product-nav"],"acf":[],"_links":{"self":[{"href":"https:\/\/milvus.ro\/hu\/wp-json\/wp\/v2\/posts\/16830","targetHints":{"allow":["GET"]}}],"collection":[{"href":"https:\/\/milvus.ro\/hu\/wp-json\/wp\/v2\/posts"}],"about":[{"href":"https:\/\/milvus.ro\/hu\/wp-json\/wp\/v2\/types\/post"}],"author":[{"embeddable":true,"href":"https:\/\/milvus.ro\/hu\/wp-json\/wp\/v2\/users\/3"}],"replies":[{"embeddable":true,"href":"https:\/\/milvus.ro\/hu\/wp-json\/wp\/v2\/comments?post=16830"}],"version-history":[{"count":2,"href":"https:\/\/milvus.ro\/hu\/wp-json\/wp\/v2\/posts\/16830\/revisions"}],"predecessor-version":[{"id":30236,"href":"https:\/\/milvus.ro\/hu\/wp-json\/wp\/v2\/posts\/16830\/revisions\/30236"}],"wp:featuredmedia":[{"embeddable":true,"href":"https:\/\/milvus.ro\/hu\/wp-json\/wp\/v2\/media\/20721"}],"wp:attachment":[{"href":"https:\/\/milvus.ro\/hu\/wp-json\/wp\/v2\/media?parent=16830"}],"wp:term":[{"taxonomy":"category","embeddable":true,"href":"https:\/\/milvus.ro\/hu\/wp-json\/wp\/v2\/categories?post=16830"},{"taxonomy":"post_tag","embeddable":true,"href":"https:\/\/milvus.ro\/hu\/wp-json\/wp\/v2\/tags?post=16830"}],"curies":[{"name":"wp","href":"https:\/\/api.w.org\/{rel}","templated":true}]}}