{"id":15576,"date":"2016-02-07T14:39:29","date_gmt":"2016-02-07T12:39:29","guid":{"rendered":"http:\/\/localhost\/2016\/02\/07\/gyozelem-az-europai-termeszetvedelemnek\/"},"modified":"2022-08-03T14:53:18","modified_gmt":"2022-08-03T11:53:18","slug":"gyozelem-az-europai-termeszetvedelemnek","status":"publish","type":"post","link":"https:\/\/milvus.ro\/hu\/gyozelem-az-europai-termeszetvedelemnek\/","title":{"rendered":"Gy\u0151zelem az eur\u00f3pai term\u00e9szetv\u00e9delemnek!"},"content":{"rendered":"<p>Az Eur\u00f3pai Parlament m\u00falt h\u00e9ten&nbsp;elfogadta az EU \u00e1ltal 2020 -ig fel\u00e1ll\u00edtott biodiverzit\u00e1s v\u00e9delmi strat\u00e9gia v\u00e9grehajt\u00e1s\u00e1t elemz\u0151 jelent\u00e9st, ez\u00e1ltal elismerve az \u00c9l\u0151hely- \u00e9s Mad\u00e1rv\u00e9delmi Direkt\u00edva term\u00e9szetv\u00e9delmi fontoss\u00e1g\u00e1t a tagorsz\u00e1gok szempontj\u00e1b\u00f3l.<\/p><p>A jelent\u00e9s, de ugyanakkor az Eur\u00f3pai Parlamentben lezajlott szavaz\u00e1s is, felh\u00edvja a figyelmet arra, hogy a sz\u00e9les k\u00f6rben alkalmazhat\u00f3 \u00e9s eredm\u00e9nyes rendelkez\u00e9seket er\u0151s\u00edteni kell, \u00e9s hogy ezek k\u00f6z\u00f6tt a term\u00e9szetv\u00e9delemnek az egyik f\u0151 priorit\u00e1snak kell lennie:<\/p><div class=\"wp-block-image\"><figure class=\"aligncenter size-full\"><a href=\"https:\/\/milvus.ro\/wp-content\/uploads\/2016\/02\/1013070_617597461592578_79186790_n.jpg\" rel=\"attachment wp-att-8071\"><img fetchpriority=\"high\" decoding=\"async\" width=\"800\" height=\"529\" src=\"https:\/\/milvus.ro\/wp-content\/uploads\/2016\/02\/1013070_617597461592578_79186790_n.jpg\" alt=\"1013070_617597461592578_79186790_n\" class=\"wp-image-26320\" srcset=\"https:\/\/milvus.ro\/wp-content\/uploads\/2016\/02\/1013070_617597461592578_79186790_n.jpg 800w, https:\/\/milvus.ro\/wp-content\/uploads\/2016\/02\/1013070_617597461592578_79186790_n-600x397.jpg 600w, https:\/\/milvus.ro\/wp-content\/uploads\/2016\/02\/1013070_617597461592578_79186790_n-300x198.jpg 300w, https:\/\/milvus.ro\/wp-content\/uploads\/2016\/02\/1013070_617597461592578_79186790_n-768x508.jpg 768w\" sizes=\"(max-width: 800px) 100vw, 800px\" \/><\/a><\/figure><\/div><p>\u201eAz aggodalom a folyamatos biodiverzit\u00e1s cs\u00f6kken\u00e9sre vonatkozik, a jelent\u00e9s r\u00e1mutat hogy a 2020-ra tervezett c\u00e9lok nem val\u00f3sulhatnak meg jelent\u0151s \u00e9s folyamatos er\u0151fesz\u00edt\u00e9sek n\u00e9lk\u00fcl. S\u0151t, tudom\u00e1nyos bizony\u00edt\u00e9kok is vannak arra, hogy az \u00c9l\u0151hely- \u00e9s Mad\u00e1rv\u00e9delmi Direkt\u00edva n\u00e9lk\u00fcl a term\u00e9szet sokkal rosszabb \u00e1llapotban lenne\u2026\u201d<\/p><p>A t\u00f6rv\u00e9nyhoz\u00f3k ellenzik az \u00c9l\u0151hely- \u00e9s Mad\u00e1rv\u00e9delmi Direkt\u00edva \u00fajragondol\u00e1s\u00e1t, mert ez \u201eegy anyagi \u00e9s jogi szempontb\u00f3l gyeng\u00e9bb term\u00e9szetv\u00e9delmet eredm\u00e9nyezhetne, ami a term\u00e9szetnek, az embernek \u00e9s az \u00fczleti tev\u00e9kenys\u00e9geknek egyar\u00e1nt \u00e1rthatna.\u201d<\/p><p>Rom\u00e1ni\u00e1ban a k\u00e9t direkt\u00edva alapj\u00e1n kijel\u00f6lt Natura 2000 ter\u00fcletek az orsz\u00e1g ter\u00fclet\u00e9nek mintegy 25%-\u00e1t teszik ki. A Milvus Csoport \u201eh\u00faz\u00f3er\u0151k\u00e9nt\u201d m\u0171k\u00f6dik a kijel\u00f6l\u00e9si folyamatban, mely m\u00e9g az uni\u00f3s csatlakoz\u00e1s el\u0151tt k\u00e9t \u00e9vvel elkezd\u0151d\u00f6tt \u00e9s v\u00e1rhat\u00f3an 2016-ban fejez\u0151dik be.<\/p><p>A Milvus Csoport a biogeogr\u00e1fiai szemin\u00e1riumokon a term\u00e9szetv\u00e9delem ir\u00e1nt \u00e9rdekl\u0151d\u0151 civil szf\u00e9r\u00e1t k\u00e9pviselte \u00e9s bebizony\u00edtotta Br\u00fcsszelnek, hogy a gazdag biodiverzit\u00e1s meg\u0151rz\u00e9se \u00e9rdek\u00e9ben Rom\u00e1nia v\u00e9dett ter\u00fcleteinek sz\u00e1m\u00e1t n\u00f6velni kell. \u00cdgy az ut\u00f3bbi 9 \u00e9vben h\u00e1rom alkalommal t\u00f6rt\u00e9ntek v\u00e9dett ter\u00fclet kijel\u00f6l\u00e9sek! Ezen \u00e9vek sor\u00e1n a Milvus Csoport komolyan vette term\u00e9szetv\u00e9delmi feladatait, szerepe nem csup\u00e1n a kijel\u00f6l\u00e9s folyamat\u00e1ra korl\u00e1toz\u00f3dott, hanem a gyakorlati \u00e9s t\u00f6rv\u00e9nykez\u00e9si d\u00f6nt\u00e9sek nyomonk\u00f6vet\u00e9s\u00e9re is kiterjedt.<\/p><p>Papp Tam\u00e1s, a \u201eMilvus Csoport\u201d Egyes\u00fclet eln\u00f6ke szerint \u201ea k\u00e9t direkt\u00edva az EU term\u00e9szetv\u00e9delm\u00e9nek az alapja. Rom\u00e1nia EU-hoz val\u00f3 csatlakoz\u00e1s\u00e1nak sok negat\u00edv k\u00f6vetkezm\u00e9nye volt a term\u00e9szetre vonatkoz\u00f3an (pl. a k\u00f6z\u00f6s agr\u00e1rpolitika) \u00e9s a legfontosabb pozit\u00edv eredm\u00e9nyek a k\u00e9t direkt\u00edv\u00e1nak k\u00f6sz\u00f6nhet\u0151ek. Amennyiben ezek a direkt\u00edv\u00e1k gyeng\u00fclnek vagy megv\u00e1ltoznak nyugodtan kijelenthetj\u00fck, hogy az \u00f6sszes EU-s tag\u00e1llam term\u00e9szete vesz\u00edteni fog.\u201d<\/p><p>A folyamat melynek eredm\u00e9nyek\u00e9nt az Eur\u00f3pai Bizotts\u00e1g meghozza d\u00f6nt\u00e9s\u00e9t a k\u00e9t direkt\u00edva m\u00f3dos\u00edt\u00e1s\u00e1ra vonatkoz\u00f3an m\u00e9g nem z\u00e1rult le, de a Parlament szavazata egy er\u0151s jelz\u00e9s arra vonatkoz\u00f3an, hogy Eur\u00f3pa tov\u00e1bbra is komolyan veszi a term\u00e9szetv\u00e9delmet.<\/p><p>Forr\u00e1s:<\/p><p>WWF: http:\/\/www.wwf.eu\/what_we_do\/natural_resources\/publications_natural_resources\/?256681\/Nature-Legislation-policy-asks<\/p><p>Eur\u00f3pai Parlament: http:\/\/www.europarl.europa.eu\/sides\/getDoc.do?type=REPORT&amp;mode=XML&amp;reference=A8-2016-0003&amp;language=EN<\/p>","protected":false},"excerpt":{"rendered":"Az Eur\u00f3pai Parlament m\u00falt h\u00e9ten&nbsp;elfogadta az EU \u00e1ltal 2020 -ig fel\u00e1ll\u00edtott biodiverzit\u00e1s v\u00e9delmi strat\u00e9gia v\u00e9grehajt\u00e1s\u00e1t elemz\u0151 jelent\u00e9st, ez\u00e1ltal elismerve az \u00c9l\u0151hely- \u00e9s Mad\u00e1rv\u00e9delmi Direkt\u00edva term\u00e9szetv\u00e9delmi fontoss\u00e1g\u00e1t a tagorsz\u00e1gok szempontj\u00e1b\u00f3l.A jelent\u00e9s, de ugyanakkor az Eur\u00f3pai Parlamentben lezajlott szavaz\u00e1s is, felh\u00edvja a figyelmet arra, hogy a sz\u00e9les k\u00f6rben alkalmazhat\u00f3 \u00e9s eredm\u00e9nyes rendelkez\u00e9seket er\u0151s\u00edteni kell, \u00e9s hogy ezek [&hellip;]","protected":false},"author":3,"featured_media":26320,"comment_status":"open","ping_status":"open","sticky":false,"template":"","format":"standard","meta":{"_acf_changed":false,"_eb_attr":"","ocean_post_layout":"","ocean_both_sidebars_style":"","ocean_both_sidebars_content_width":0,"ocean_both_sidebars_sidebars_width":0,"ocean_sidebar":"0","ocean_second_sidebar":"0","ocean_disable_margins":"enable","ocean_add_body_class":"","ocean_shortcode_before_top_bar":"","ocean_shortcode_after_top_bar":"","ocean_shortcode_before_header":"","ocean_shortcode_after_header":"","ocean_has_shortcode":"","ocean_shortcode_after_title":"","ocean_shortcode_before_footer_widgets":"","ocean_shortcode_after_footer_widgets":"","ocean_shortcode_before_footer_bottom":"","ocean_shortcode_after_footer_bottom":"","ocean_display_top_bar":"default","ocean_display_header":"default","ocean_header_style":"","ocean_center_header_left_menu":"0","ocean_custom_header_template":"0","ocean_custom_logo":0,"ocean_custom_retina_logo":0,"ocean_custom_logo_max_width":0,"ocean_custom_logo_tablet_max_width":0,"ocean_custom_logo_mobile_max_width":0,"ocean_custom_logo_max_height":0,"ocean_custom_logo_tablet_max_height":0,"ocean_custom_logo_mobile_max_height":0,"ocean_header_custom_menu":"0","ocean_menu_typo_font_family":"0","ocean_menu_typo_font_subset":"","ocean_menu_typo_font_size":0,"ocean_menu_typo_font_size_tablet":0,"ocean_menu_typo_font_size_mobile":0,"ocean_menu_typo_font_size_unit":"px","ocean_menu_typo_font_weight":"","ocean_menu_typo_font_weight_tablet":"","ocean_menu_typo_font_weight_mobile":"","ocean_menu_typo_transform":"","ocean_menu_typo_transform_tablet":"","ocean_menu_typo_transform_mobile":"","ocean_menu_typo_line_height":0,"ocean_menu_typo_line_height_tablet":0,"ocean_menu_typo_line_height_mobile":0,"ocean_menu_typo_line_height_unit":"","ocean_menu_typo_spacing":0,"ocean_menu_typo_spacing_tablet":0,"ocean_menu_typo_spacing_mobile":0,"ocean_menu_typo_spacing_unit":"","ocean_menu_link_color":"","ocean_menu_link_color_hover":"","ocean_menu_link_color_active":"","ocean_menu_link_background":"","ocean_menu_link_hover_background":"","ocean_menu_link_active_background":"","ocean_menu_social_links_bg":"","ocean_menu_social_hover_links_bg":"","ocean_menu_social_links_color":"","ocean_menu_social_hover_links_color":"","ocean_disable_title":"default","ocean_disable_heading":"default","ocean_post_title":"","ocean_post_subheading":"","ocean_post_title_style":"","ocean_post_title_background_color":"","ocean_post_title_background":0,"ocean_post_title_bg_image_position":"","ocean_post_title_bg_image_attachment":"","ocean_post_title_bg_image_repeat":"","ocean_post_title_bg_image_size":"","ocean_post_title_height":0,"ocean_post_title_bg_overlay":0.5,"ocean_post_title_bg_overlay_color":"","ocean_disable_breadcrumbs":"default","ocean_breadcrumbs_color":"","ocean_breadcrumbs_separator_color":"","ocean_breadcrumbs_links_color":"","ocean_breadcrumbs_links_hover_color":"","ocean_display_footer_widgets":"default","ocean_display_footer_bottom":"default","ocean_custom_footer_template":"0","omw_enable_modal_window":"enable","osh_disable_topbar_sticky":"default","osh_disable_header_sticky":"default","osh_sticky_header_style":"default","osh_sticky_header_effect":"","osh_custom_sticky_logo":0,"osh_custom_retina_sticky_logo":0,"osh_custom_sticky_logo_height":0,"osh_background_color":"","osh_links_color":"","osh_links_hover_color":"","osh_links_active_color":"","osh_links_bg_color":"","osh_links_hover_bg_color":"","osh_links_active_bg_color":"","osh_menu_social_links_color":"","osh_menu_social_hover_links_color":"","ocean_post_oembed":"","ocean_post_self_hosted_media":"","ocean_post_video_embed":"","ocean_link_format":"","ocean_link_format_target":"self","ocean_quote_format":"","ocean_quote_format_link":"post","ocean_gallery_link_images":"off","ocean_gallery_id":[],"footnotes":""},"categories":[2],"tags":[3671,3951],"class_list":["post-15576","post","type-post","status-publish","format-standard","has-post-thumbnail","hentry","category-hirek","tag-biodiverzitas","tag-eu","entry","has-media","owp-thumbs-layout-horizontal","owp-btn-normal","owp-tabs-layout-horizontal","has-no-thumbnails","has-product-nav"],"acf":[],"_links":{"self":[{"href":"https:\/\/milvus.ro\/hu\/wp-json\/wp\/v2\/posts\/15576","targetHints":{"allow":["GET"]}}],"collection":[{"href":"https:\/\/milvus.ro\/hu\/wp-json\/wp\/v2\/posts"}],"about":[{"href":"https:\/\/milvus.ro\/hu\/wp-json\/wp\/v2\/types\/post"}],"author":[{"embeddable":true,"href":"https:\/\/milvus.ro\/hu\/wp-json\/wp\/v2\/users\/3"}],"replies":[{"embeddable":true,"href":"https:\/\/milvus.ro\/hu\/wp-json\/wp\/v2\/comments?post=15576"}],"version-history":[{"count":1,"href":"https:\/\/milvus.ro\/hu\/wp-json\/wp\/v2\/posts\/15576\/revisions"}],"predecessor-version":[{"id":36708,"href":"https:\/\/milvus.ro\/hu\/wp-json\/wp\/v2\/posts\/15576\/revisions\/36708"}],"wp:featuredmedia":[{"embeddable":true,"href":"https:\/\/milvus.ro\/hu\/wp-json\/wp\/v2\/media\/26320"}],"wp:attachment":[{"href":"https:\/\/milvus.ro\/hu\/wp-json\/wp\/v2\/media?parent=15576"}],"wp:term":[{"taxonomy":"category","embeddable":true,"href":"https:\/\/milvus.ro\/hu\/wp-json\/wp\/v2\/categories?post=15576"},{"taxonomy":"post_tag","embeddable":true,"href":"https:\/\/milvus.ro\/hu\/wp-json\/wp\/v2\/tags?post=15576"}],"curies":[{"name":"wp","href":"https:\/\/api.w.org\/{rel}","templated":true}]}}