{"id":15477,"date":"2015-12-19T16:00:52","date_gmt":"2015-12-19T14:00:52","guid":{"rendered":"http:\/\/localhost\/2015\/12\/19\/telelo-erdei-fulesbagoly-monitoring-program-romaniaban\/"},"modified":"2022-08-03T15:37:06","modified_gmt":"2022-08-03T12:37:06","slug":"telelo-erdei-fulesbagoly-monitoring-program-romaniaban","status":"publish","type":"post","link":"https:\/\/milvus.ro\/hu\/telelo-erdei-fulesbagoly-monitoring-program-romaniaban\/","title":{"rendered":"Telel\u0151 erdei f\u00fclesbagoly monitoring program Rom\u00e1ni\u00e1ban"},"content":{"rendered":"<div class=\"wp-block-image\"><figure class=\"aligncenter\"><a href=\"https:\/\/milvus.ro\/wp-content\/uploads\/2015\/12\/IMG_0865-scaled.jpg\" rel=\"attachment wp-att-7972\"><img decoding=\"async\" src=\"https:\/\/milvus.ro\/wp-content\/uploads\/2015\/12\/IMG_0865.jpg\" alt=\"IMG_0865\" class=\"wp-image-7972\"\/><\/a><\/figure><\/div><p>A 2009-2014 k\u00f6z\u00f6tt zajl\u00f3<a href=\"https:\/\/milvus.ro\/hu\/asio_otus_census\/\" data-type=\"post\" data-id=\"15401\" target=\"_blank\" rel=\"noreferrer noopener\"> \u201eTelel\u0151 erdei f\u00fclesbagoly-szinkron\u201d<\/a> felm\u00e9r\u00e9sb\u0151l mer\u00edtett tapasztalatok alapj\u00e1n a \u201eMilvus Csoport\u201d Mad\u00e1rtani \u00e9s Term\u00e9szetv\u00e9delmi Egyes\u00fclet 2015 tel\u00e9n egy \u00faj monitoring programot ind\u00edt, melynek c\u00e9lja a telel\u0151 erdei f\u00fclesbaglyok \u00e1llom\u00e1nyv\u00e1ltoz\u00e1s\u00e1nak nyomon k\u00f6vet\u00e9se.<\/p><p>Az erdei f\u00fclesbaglyok telel\u0151 \u00e1llom\u00e1nya k\u00f6nnyen megfigyelhet\u0151 \u00e9s nyomon k\u00f6vethet\u0151 a t\u00e9li h\u00f3napokban haszn\u00e1lt gy\u00fclekez\u0151helyeiken, amelyek sz\u00e9lv\u00e9dett helyen, a telep\u00fcl\u00e9sek k\u00f6z\u00e9ppontj\u00e1ban tal\u00e1lhat\u00f3k, ahol az \u00e1tlagh\u0151m\u00e9rs\u00e9klet valamivel magasabb mint a telep\u00fcl\u00e9seken k\u00edv\u00fcl. A \u201eTelel\u0151 erdei f\u00fclesbagoly-szinkron\u201d megfigyel\u00e9seib\u0151l a <strong>gy\u00fclekez\u0151helyre<\/strong> vonatkoz\u00f3an az al\u00e1bbi k\u00f6vetkeztet\u00e9sek vonhat\u00f3k le:<\/p><ul class=\"wp-block-list\"><li>leggyakrabban a k\u00f6zint\u00e9zm\u00e9nyek (polg\u00e1rmesteri hivatalok, templomok, iskol\u00e1k stb.) udvar\u00e1n vannak, ahol a zavar\u00e1s kicsi, de mag\u00e1nh\u00e1zak udvar\u00e1n is megtelepedhetnek<\/li><li>f\u0151leg a s\u0171r\u0171 lombozat\u00fa tuja, feny\u0151 \u00e9s f\u0171zfajokon alakulnak ki, de jobb h\u00edj\u00e1n a ny\u00edrf\u00e1n, gy\u00fcm\u00f6lcsf\u00e1kon vagy egy\u00e9b lombhullat\u00f3 fafajok is megfelelnek a c\u00e9lnak<\/li><li>a t\u00e9l folyam\u00e1n a baglyok sz\u00e1ma janu\u00e1rban \u00e9ri el a maximumot<\/li><\/ul><p>A \u201eTelel\u0151 erdei f\u00fclesbagoly-szinkron\u201d sor\u00e1n felmer\u00fclt probl\u00e9m\u00e1k:<\/p><ul class=\"wp-block-list\"><li><strong>a gy\u00fclekez\u0151helyek nem \u00e1lland\u00f3ak<\/strong> \u2013 bizonyos id\u0151 eltelt\u00e9vel vagy zavar\u00e1sok hat\u00e1s\u00e1ra a gy\u00fclekez\u0151helyek megsz\u0171nnek, feldarabol\u00f3dnak vagy kisebb-nagyobb t\u00e1vols\u00e1gokra \u00e1tk\u00f6lt\u00f6z\u0151dnek.<br>(Pl.: Egy t\u00f6bb \u00e9ve nyomon k\u00f6vetett gy\u00fclekez\u0151hely ellen\u0151rz\u00e9sekor ha azt tapasztaljuk, hogy a baglyok elt\u0171ntek az adott helyr\u0151l, annak t\u00f6bb oka lehets\u00e9ges. A zavar\u00e1s k\u00f6vetkezt\u00e9ben a madarak lemondhatnak a t\u00f6bb \u00e9ve haszn\u00e1lt gy\u00fclekez\u0151hely\u00fckr\u0151l egy k\u00f6zeli telep\u00fcl\u00e9sen tal\u00e1lhat\u00f3 m\u00e1sik gy\u00fclekez\u0151hely jav\u00e1ra. Az addig haszn\u00e1lt gy\u00fclekez\u0151hely k\u00f6zel\u00e9ben is kialak\u00edtanak egy \u00fajat, ak\u00e1r p\u00e1r sz\u00e1z m\u00e9terre az el\u0151z\u0151t\u0151l! Nagyon hideg telek alkalm\u00e1val a kis gy\u00fclekez\u0151helyek p\u00e9ld\u00e1nyai \u00e1tk\u00f6lt\u00f6zhetnek nagyobb gy\u00fclekez\u0151helyekre, amelyek k\u00f6zel\u00e9ben val\u00f3sz\u00edn\u0171leg a t\u00e1pl\u00e1l\u00e9kk\u00edn\u00e1lat is j\u00f3val gazdagabb. Az madarak jelenl\u00e9t\u00e9t vagy hi\u00e1ny\u00e1t egy bizonyos gy\u00fclekez\u0151helyen nagyban befoly\u00e1solhatja az az\u00e9vi k\u00f6lt\u00e9si siker is, ami enn\u00e9l a fajn\u00e1l er\u0151sen fluktu\u00e1l k\u00fcl\u00f6nb\u00f6z\u0151 \u00e9vekben.)<\/li><li><strong>gy\u00fclekez\u0151hely n\u00e9lk\u00fcli telep\u00fcl\u00e9sek<\/strong> \u2013 a gy\u00fclekez\u0151hely n\u00e9lk\u00fcli telep\u00fcl\u00e9sek tal\u00e1n kev\u00e9sb\u00e9 t\u0171ntek \u00e9rt\u00e9kesnek, \u00e9s emiatt ki voltak hagyva a felm\u00e9r\u00e9sb\u0151l. A megfigyel\u00e9seket v\u00e9gezni kell a gy\u00fclekez\u0151hely n\u00e9lk\u00fcli telep\u00fcl\u00e9sekben is, mivel orsz\u00e1gos szinten csak \u00edgy kapunk reprezentat\u00edv mint\u00e1t \u00e9s csak ek\u00e9ppen k\u00f6vethetj\u00fck nyomon a gy\u00fclekez\u0151helyek helysz\u00edneinek esetleges v\u00e1ltoz\u00e1s\u00e1t.<\/li><li><strong>szinkronsz\u00e1mol\u00e1sok elhagy\u00e1sa<\/strong> \u2013 a szinkronsz\u00e1mol\u00e1s az orsz\u00e1g k\u00fcl\u00f6nb\u00f6z\u0151 pontjain, k\u00fcl\u00f6nb\u00f6z\u0151 megfigyel\u0151k \u00e1ltal v\u00e9gzett, egyazon id\u0151ben t\u00f6rt\u00e9n\u0151 megfigyel\u00e9seket felt\u00e9telez. Erre nagyon kev\u00e9s kiv\u00e9telt\u0151l eltekintve nem ker\u00fclt sor a felm\u00e9r\u00e9s sor\u00e1n.<\/li><li>A fentebb eml\u00edtett probl\u00e9m\u00e1k megold\u00e1sa \u00e9rdek\u00e9ben sz\u00fcks\u00e9g\u00e9t \u00e9rezz\u00fck egy \u00faj orsz\u00e1gos monitoring program ind\u00edt\u00e1s\u00e1nak, amely k\u00fcl\u00f6nb\u00f6zni fog p\u00e1r dologban az el\u0151z\u0151t\u0151l. A v\u00e1ltoztat\u00e1s az\u00e9rt sz\u00fcks\u00e9ges, mer a r\u00e9gi felm\u00e9r\u00e9s eredm\u00e9nyei nem haszn\u00e1lhat\u00f3k fel az \u00e1llom\u00e1nyv\u00e1ltoz\u00e1sok kimutat\u00e1s\u00e1ra. Ahhoz, hogy a telel\u0151 \u00e1llom\u00e1ny v\u00e1ltoz\u00e1sait nyomon tudjuk k\u00f6vetni, ismern\u00fcnk kell a k\u00fcl\u00f6nb\u00f6z\u0151 telep\u00fcl\u00e9seken tal\u00e1lhat\u00f3 baglyok egyedsz\u00e1mait. Figyelembe v\u00e9ve, hogy a gy\u00fclekez\u0151helyek helysz\u00ednei megv\u00e1ltozhatnak a telep\u00fcl\u00e9sek teljes lej\u00e1r\u00e1s\u00e1t javasoljuk a l\u00e9tez\u0151 potenci\u00e1lis gy\u00fclekez\u0151helyek felder\u00edt\u00e9se \u00e9s az egyedsz\u00e1mok meg\u00e1llap\u00edt\u00e1sa \u00e9rdek\u00e9ben. B\u00e1r kev\u00e9sb\u00e9 vonz\u00f3 \u00e9s sz\u00fcks\u00e9gtelennek is t\u0171nhet, de azokat a telep\u00fcl\u00e9seket is ellen\u0151rizni kell, amelyekben nem ismert erdei f\u00fclesbagoly gy\u00fclekez\u0151hely, ugyanis a hossz\u00fa t\u00e1von t\u00f6rt\u00e9n\u0151 v\u00e1ltoz\u00e1sok csak ily m\u00f3don vev\u0151dnek \u00e9szre.<\/li><\/ul><figure class=\"wp-block-gallery alignwide has-nested-images columns-default is-cropped wp-block-gallery-1 is-layout-flex wp-block-gallery-is-layout-flex\"><figure class=\"wp-block-image size-large\"><a href=\"https:\/\/milvus.ro\/wp-content\/uploads\/2015\/12\/IMG_5120-scaled.jpg\"><img fetchpriority=\"high\" decoding=\"async\" width=\"1707\" height=\"2560\" data-id=\"26252\" src=\"https:\/\/milvus.ro\/wp-content\/uploads\/2015\/12\/IMG_5120-scaled.jpg\" alt=\"\" class=\"wp-image-26252\" srcset=\"https:\/\/milvus.ro\/wp-content\/uploads\/2015\/12\/IMG_5120-scaled.jpg 1707w, https:\/\/milvus.ro\/wp-content\/uploads\/2015\/12\/IMG_5120-scaled-600x900.jpg 600w, https:\/\/milvus.ro\/wp-content\/uploads\/2015\/12\/IMG_5120-200x300.jpg 200w, https:\/\/milvus.ro\/wp-content\/uploads\/2015\/12\/IMG_5120-683x1024.jpg 683w, https:\/\/milvus.ro\/wp-content\/uploads\/2015\/12\/IMG_5120-768x1152.jpg 768w, https:\/\/milvus.ro\/wp-content\/uploads\/2015\/12\/IMG_5120-1024x1536.jpg 1024w, https:\/\/milvus.ro\/wp-content\/uploads\/2015\/12\/IMG_5120-1365x2048.jpg 1365w\" sizes=\"(max-width: 1707px) 100vw, 1707px\" \/><\/a><\/figure>\n\n<figure class=\"wp-block-image size-large\"><a href=\"https:\/\/milvus.ro\/wp-content\/uploads\/2015\/12\/IMG_4720-scaled.jpg\"><img decoding=\"async\" width=\"2560\" height=\"1920\" data-id=\"26250\" src=\"https:\/\/milvus.ro\/wp-content\/uploads\/2015\/12\/IMG_4720-scaled.jpg\" alt=\"\" class=\"wp-image-26250\" srcset=\"https:\/\/milvus.ro\/wp-content\/uploads\/2015\/12\/IMG_4720-scaled.jpg 2560w, https:\/\/milvus.ro\/wp-content\/uploads\/2015\/12\/IMG_4720-scaled-600x450.jpg 600w, https:\/\/milvus.ro\/wp-content\/uploads\/2015\/12\/IMG_4720-300x225.jpg 300w, https:\/\/milvus.ro\/wp-content\/uploads\/2015\/12\/IMG_4720-1024x768.jpg 1024w, https:\/\/milvus.ro\/wp-content\/uploads\/2015\/12\/IMG_4720-768x576.jpg 768w, https:\/\/milvus.ro\/wp-content\/uploads\/2015\/12\/IMG_4720-1536x1152.jpg 1536w, https:\/\/milvus.ro\/wp-content\/uploads\/2015\/12\/IMG_4720-2048x1536.jpg 2048w\" sizes=\"(max-width: 2560px) 100vw, 2560px\" \/><\/a><\/figure>\n\n<figure class=\"wp-block-image size-large\"><a href=\"https:\/\/milvus.ro\/wp-content\/uploads\/2015\/12\/IMG_0481-scaled.jpg\"><img decoding=\"async\" width=\"2560\" height=\"1920\" data-id=\"26256\" src=\"https:\/\/milvus.ro\/wp-content\/uploads\/2015\/12\/IMG_0481-scaled.jpg\" alt=\"\" class=\"wp-image-26256\" srcset=\"https:\/\/milvus.ro\/wp-content\/uploads\/2015\/12\/IMG_0481-scaled.jpg 2560w, https:\/\/milvus.ro\/wp-content\/uploads\/2015\/12\/IMG_0481-scaled-600x450.jpg 600w, https:\/\/milvus.ro\/wp-content\/uploads\/2015\/12\/IMG_0481-300x225.jpg 300w, https:\/\/milvus.ro\/wp-content\/uploads\/2015\/12\/IMG_0481-1024x768.jpg 1024w, https:\/\/milvus.ro\/wp-content\/uploads\/2015\/12\/IMG_0481-768x576.jpg 768w, https:\/\/milvus.ro\/wp-content\/uploads\/2015\/12\/IMG_0481-1536x1152.jpg 1536w, https:\/\/milvus.ro\/wp-content\/uploads\/2015\/12\/IMG_0481-2048x1536.jpg 2048w\" sizes=\"(max-width: 2560px) 100vw, 2560px\" \/><\/a><\/figure><\/figure><p>Elind\u00edtunk egy standard m\u00f3dszertan szerint zajl\u00f3, \u00f6nk\u00e9ntes munk\u00e1n alapul\u00f3, orsz\u00e1gos monitoring programot, amely keret\u00e9n bel\u00fcl tudom\u00e1nyos szempontb\u00f3l is \u00e9rt\u00e9kes adatokat gy\u0171jthet\u00fcnk a telel\u0151 erdei f\u00fclesbaglyokra vonatkoz\u00f3an. A programban r\u00e9szt vehet minden term\u00e9szetszeret\u0151 szem\u00e9ly, aki megfigyel\u00e9seivel adatokat k\u00edv\u00e1n szolg\u00e1ltatni a &nbsp;k\u00f6zel\u00e9ben telel\u0151 erdei f\u00fclesbaglyokr\u00f3l. A program c\u00e9lja a telel\u0151 erdei f\u00fclesbagoly \u00e1llom\u00e1nyv\u00e1ltoz\u00e1s\u00e1nak hossz\u00fat\u00e1v\u00fa nyomon k\u00f6vet\u00e9se, az \u00e1ltaluk elfoglalt \u00e9l\u0151helyek felt\u00e9rk\u00e9pez\u00e9se \u00e9s a vesz\u00e9lyeztet\u0151 t\u00e9nyez\u0151k azonos\u00edt\u00e1sa.<\/p><p>Aki csatlakozni szeretne a programhoz, \u00edrja meg B\u0103rbos L\u0151rinc programkoordin\u00e1tornak r\u00e9szv\u00e9teli sz\u00e1nd\u00e9k\u00e1t, illetve azon telep\u00fcl\u00e9s(ek) nev\u00e9t, amelyben a j\u00f6v\u0151ben megfigyel\u00e9seket szeretne v\u00e9grehajtani, a k\u00f6vetkez\u0151 email c\u00edmre: <a href=\"mailto:lorinc&#46;ba&#114;&#98;os&#64;&#109;&#105;&#108;v&#117;s.&#114;o\">l&#111;r&#105;&#110;c.barb&#111;s&#64;m&#105;l&#118;&#117;&#115;&#46;ro<\/a> .<\/p><p>Miel\u0151tt r\u00e9szv\u00e9teli sz\u00e1nd\u00e9k\u00e1t kifejezn\u00e9, k\u00e9rj\u00fck olvassa el figyelmesen a program <span style=\"color: #ff0000;\"><strong><a href=\"https:\/\/milvus.ro\/wp-content\/uploads\/2015\/12\/Telelo-erdei-fulesbagoly-monitoring-modszertan.pdf\" target=\"_blank\" rel=\"noopener noreferrer\">m\u00f3dszertan\u00e1t<\/a><\/strong><\/span>.<\/p><h2 class=\"wp-block-heading\"><span style=\"color: #ff0000;\"><strong>EREDM\u00c9NYEK<\/strong><\/span><\/h2><div class=\"wp-block-image\"><figure class=\"aligncenter\"><a href=\"https:\/\/milvus.ro\/wp-content\/uploads\/2015\/12\/terkep-1.jpg\" rel=\"attachment wp-att-8680\"><img decoding=\"async\" src=\"https:\/\/milvus.ro\/wp-content\/uploads\/2015\/12\/terkep-1-346x245.jpg\" alt=\"terkep-1\" class=\"wp-image-8680\"\/><\/a><\/figure><\/div><p>A program els\u0151 \u00e9v\u00e9ben felm\u00e9rt telep\u00fcl\u00e9sek:<\/p><p>A piros pontok a lej\u00e1rt ter\u00fcleteket mutatj\u00e1k, ahol azonban nem voltak jelen telel\u0151 erdei f\u00fclesbaglyok. A z\u00f6ld pontok jelzik a megtal\u00e1lt&nbsp;gy\u00fclekez\u0151helyeket. Ezek m\u00e9rete ar\u00e1nyos a pontok nagys\u00e1g\u00e1val.<\/p>","protected":false},"excerpt":{"rendered":"A 2009-2014 k\u00f6z\u00f6tt zajl\u00f3 \u201eTelel\u0151 erdei f\u00fclesbagoly-szinkron\u201d felm\u00e9r\u00e9sb\u0151l mer\u00edtett tapasztalatok alapj\u00e1n a \u201eMilvus Csoport\u201d Mad\u00e1rtani \u00e9s Term\u00e9szetv\u00e9delmi Egyes\u00fclet 2015 tel\u00e9n egy \u00faj monitoring programot ind\u00edt, melynek c\u00e9lja a telel\u0151 erdei f\u00fclesbaglyok \u00e1llom\u00e1nyv\u00e1ltoz\u00e1s\u00e1nak nyomon k\u00f6vet\u00e9se.Az erdei f\u00fclesbaglyok telel\u0151 \u00e1llom\u00e1nya k\u00f6nnyen megfigyelhet\u0151 \u00e9s nyomon k\u00f6vethet\u0151 a t\u00e9li h\u00f3napokban haszn\u00e1lt gy\u00fclekez\u0151helyeiken, amelyek sz\u00e9lv\u00e9dett helyen, a telep\u00fcl\u00e9sek k\u00f6z\u00e9ppontj\u00e1ban tal\u00e1lhat\u00f3k, [&hellip;]","protected":false},"author":3,"featured_media":26254,"comment_status":"open","ping_status":"open","sticky":false,"template":"","format":"standard","meta":{"_acf_changed":false,"_eb_attr":"","ocean_post_layout":"","ocean_both_sidebars_style":"","ocean_both_sidebars_content_width":0,"ocean_both_sidebars_sidebars_width":0,"ocean_sidebar":"0","ocean_second_sidebar":"0","ocean_disable_margins":"enable","ocean_add_body_class":"","ocean_shortcode_before_top_bar":"","ocean_shortcode_after_top_bar":"","ocean_shortcode_before_header":"","ocean_shortcode_after_header":"","ocean_has_shortcode":"","ocean_shortcode_after_title":"","ocean_shortcode_before_footer_widgets":"","ocean_shortcode_after_footer_widgets":"","ocean_shortcode_before_footer_bottom":"","ocean_shortcode_after_footer_bottom":"","ocean_display_top_bar":"default","ocean_display_header":"default","ocean_header_style":"","ocean_center_header_left_menu":"0","ocean_custom_header_template":"0","ocean_custom_logo":0,"ocean_custom_retina_logo":0,"ocean_custom_logo_max_width":0,"ocean_custom_logo_tablet_max_width":0,"ocean_custom_logo_mobile_max_width":0,"ocean_custom_logo_max_height":0,"ocean_custom_logo_tablet_max_height":0,"ocean_custom_logo_mobile_max_height":0,"ocean_header_custom_menu":"0","ocean_menu_typo_font_family":"0","ocean_menu_typo_font_subset":"","ocean_menu_typo_font_size":0,"ocean_menu_typo_font_size_tablet":0,"ocean_menu_typo_font_size_mobile":0,"ocean_menu_typo_font_size_unit":"px","ocean_menu_typo_font_weight":"","ocean_menu_typo_font_weight_tablet":"","ocean_menu_typo_font_weight_mobile":"","ocean_menu_typo_transform":"","ocean_menu_typo_transform_tablet":"","ocean_menu_typo_transform_mobile":"","ocean_menu_typo_line_height":0,"ocean_menu_typo_line_height_tablet":0,"ocean_menu_typo_line_height_mobile":0,"ocean_menu_typo_line_height_unit":"","ocean_menu_typo_spacing":0,"ocean_menu_typo_spacing_tablet":0,"ocean_menu_typo_spacing_mobile":0,"ocean_menu_typo_spacing_unit":"","ocean_menu_link_color":"","ocean_menu_link_color_hover":"","ocean_menu_link_color_active":"","ocean_menu_link_background":"","ocean_menu_link_hover_background":"","ocean_menu_link_active_background":"","ocean_menu_social_links_bg":"","ocean_menu_social_hover_links_bg":"","ocean_menu_social_links_color":"","ocean_menu_social_hover_links_color":"","ocean_disable_title":"default","ocean_disable_heading":"default","ocean_post_title":"","ocean_post_subheading":"","ocean_post_title_style":"","ocean_post_title_background_color":"","ocean_post_title_background":0,"ocean_post_title_bg_image_position":"","ocean_post_title_bg_image_attachment":"","ocean_post_title_bg_image_repeat":"","ocean_post_title_bg_image_size":"","ocean_post_title_height":0,"ocean_post_title_bg_overlay":0.5,"ocean_post_title_bg_overlay_color":"","ocean_disable_breadcrumbs":"default","ocean_breadcrumbs_color":"","ocean_breadcrumbs_separator_color":"","ocean_breadcrumbs_links_color":"","ocean_breadcrumbs_links_hover_color":"","ocean_display_footer_widgets":"default","ocean_display_footer_bottom":"default","ocean_custom_footer_template":"0","omw_enable_modal_window":"enable","osh_disable_topbar_sticky":"default","osh_disable_header_sticky":"default","osh_sticky_header_style":"default","osh_sticky_header_effect":"","osh_custom_sticky_logo":0,"osh_custom_retina_sticky_logo":0,"osh_custom_sticky_logo_height":0,"osh_background_color":"","osh_links_color":"","osh_links_hover_color":"","osh_links_active_color":"","osh_links_bg_color":"","osh_links_hover_bg_color":"","osh_links_active_bg_color":"","osh_menu_social_links_color":"","osh_menu_social_hover_links_color":"","ocean_post_oembed":"","ocean_post_self_hosted_media":"","ocean_post_video_embed":"","ocean_link_format":"","ocean_link_format_target":"self","ocean_quote_format":"","ocean_quote_format_link":"post","ocean_gallery_link_images":"off","ocean_gallery_id":[],"footnotes":""},"categories":[2],"tags":[211,3790,4234],"class_list":["post-15477","post","type-post","status-publish","format-standard","has-post-thumbnail","hentry","category-hirek","tag-ciuf-de-padure","tag-erdei-fulesbagoly","tag-monitoring-hu","entry","has-media","owp-thumbs-layout-horizontal","owp-btn-normal","owp-tabs-layout-horizontal","has-no-thumbnails","has-product-nav"],"acf":[],"_links":{"self":[{"href":"https:\/\/milvus.ro\/hu\/wp-json\/wp\/v2\/posts\/15477","targetHints":{"allow":["GET"]}}],"collection":[{"href":"https:\/\/milvus.ro\/hu\/wp-json\/wp\/v2\/posts"}],"about":[{"href":"https:\/\/milvus.ro\/hu\/wp-json\/wp\/v2\/types\/post"}],"author":[{"embeddable":true,"href":"https:\/\/milvus.ro\/hu\/wp-json\/wp\/v2\/users\/3"}],"replies":[{"embeddable":true,"href":"https:\/\/milvus.ro\/hu\/wp-json\/wp\/v2\/comments?post=15477"}],"version-history":[{"count":2,"href":"https:\/\/milvus.ro\/hu\/wp-json\/wp\/v2\/posts\/15477\/revisions"}],"predecessor-version":[{"id":36730,"href":"https:\/\/milvus.ro\/hu\/wp-json\/wp\/v2\/posts\/15477\/revisions\/36730"}],"wp:featuredmedia":[{"embeddable":true,"href":"https:\/\/milvus.ro\/hu\/wp-json\/wp\/v2\/media\/26254"}],"wp:attachment":[{"href":"https:\/\/milvus.ro\/hu\/wp-json\/wp\/v2\/media?parent=15477"}],"wp:term":[{"taxonomy":"category","embeddable":true,"href":"https:\/\/milvus.ro\/hu\/wp-json\/wp\/v2\/categories?post=15477"},{"taxonomy":"post_tag","embeddable":true,"href":"https:\/\/milvus.ro\/hu\/wp-json\/wp\/v2\/tags?post=15477"}],"curies":[{"name":"wp","href":"https:\/\/api.w.org\/{rel}","templated":true}]}}